{"id":9190,"date":"2026-04-28T10:46:27","date_gmt":"2026-04-28T07:46:27","guid":{"rendered":"https:\/\/aplast.ro\/?p=9190"},"modified":"2026-04-28T13:14:52","modified_gmt":"2026-04-28T10:14:52","slug":"guida-come-scegliere-le-finestre-in-pvc-giuste-per-la-tua-casa-in-base-alla-facciata-e-alla-posizione","status":"publish","type":"post","link":"https:\/\/aplast.ro\/it\/guida-come-scegliere-le-finestre-in-pvc-giuste-per-la-tua-casa-in-base-alla-facciata-e-alla-posizione\/","title":{"rendered":"Guida: Come scegliere le finestre in PVC giuste per la tua casa in base alla facciata e alla posizione"},"content":{"rendered":"\t\t<div data-elementor-type=\"wp-post\" data-elementor-id=\"9190\" class=\"elementor elementor-9190\">\n\t\t\t\t\t\t\t<div class=\"elementor-element elementor-element-45c080c e-con-boxed e-flex e-con\" data-id=\"45c080c\" data-element_type=\"container\" data-settings=\"{&quot;content_width&quot;:&quot;boxed&quot;}\">\n\t\t\t\t\t<div class=\"e-con-inner\">\n\t\t<div class=\"elementor-element elementor-element-15a1868 e-con-full e-flex e-con\" data-id=\"15a1868\" data-element_type=\"container\" data-settings=\"{&quot;content_width&quot;:&quot;full&quot;}\">\n\t\t\t\t<div class=\"elementor-element elementor-element-7233108 elementor-widget elementor-widget-image\" data-id=\"7233108\" data-element_type=\"widget\" data-widget_type=\"image.default\">\n\t\t\t\t<div class=\"elementor-widget-container\">\n\t\t\t<style>\/*! elementor - v3.13.2 - 11-05-2023 *\/\n.elementor-widget-image{text-align:center}.elementor-widget-image a{display:inline-block}.elementor-widget-image a img[src$=\".svg\"]{width:48px}.elementor-widget-image img{vertical-align:middle;display:inline-block}<\/style>\t\t\t\t\t\t\t\t\t\t\t\t<img decoding=\"async\" loading=\"lazy\" width=\"1024\" height=\"572\" src=\"https:\/\/aplast.ro\/wp-content\/uploads\/2026\/04\/casa-sustenabila-cu-ferestre-pvc-termopan-aplast-1024x572.webp\" class=\"attachment-large size-large wp-image-9136\" alt=\"Casa sustenabila cu ferestre pvc termopan Aplast\" srcset=\"https:\/\/aplast.ro\/wp-content\/uploads\/2026\/04\/casa-sustenabila-cu-ferestre-pvc-termopan-aplast-1024x572.webp 1024w, https:\/\/aplast.ro\/wp-content\/uploads\/2026\/04\/casa-sustenabila-cu-ferestre-pvc-termopan-aplast-300x167.webp 300w, https:\/\/aplast.ro\/wp-content\/uploads\/2026\/04\/casa-sustenabila-cu-ferestre-pvc-termopan-aplast-768x429.webp 768w, https:\/\/aplast.ro\/wp-content\/uploads\/2026\/04\/casa-sustenabila-cu-ferestre-pvc-termopan-aplast-1200x670.webp 1200w, https:\/\/aplast.ro\/wp-content\/uploads\/2026\/04\/casa-sustenabila-cu-ferestre-pvc-termopan-aplast.webp 1376w\" sizes=\"(max-width: 1024px) 100vw, 1024px\" \/>\t\t\t\t\t\t\t\t\t\t\t\t\t\t\t<\/div>\n\t\t\t\t<\/div>\n\t\t\t\t<div class=\"elementor-element elementor-element-4d466c1 elementor-widget elementor-widget-heading\" data-id=\"4d466c1\" data-element_type=\"widget\" data-widget_type=\"heading.default\">\n\t\t\t\t<div class=\"elementor-widget-container\">\n\t\t\t<style>\/*! elementor - v3.13.2 - 11-05-2023 *\/\n.elementor-heading-title{padding:0;margin:0;line-height:1}.elementor-widget-heading .elementor-heading-title[class*=elementor-size-]>a{color:inherit;font-size:inherit;line-height:inherit}.elementor-widget-heading .elementor-heading-title.elementor-size-small{font-size:15px}.elementor-widget-heading .elementor-heading-title.elementor-size-medium{font-size:19px}.elementor-widget-heading .elementor-heading-title.elementor-size-large{font-size:29px}.elementor-widget-heading .elementor-heading-title.elementor-size-xl{font-size:39px}.elementor-widget-heading .elementor-heading-title.elementor-size-xxl{font-size:59px}<\/style><h1 class=\"elementor-heading-title elementor-size-xl\">Guida: Come scegliere le finestre in PVC giuste per la tua casa in base alla facciata e alla posizione<\/h1>\t\t<\/div>\n\t\t\t\t<\/div>\n\t\t\t\t<div class=\"elementor-element elementor-element-76b6286 elementor-widget elementor-widget-text-editor\" data-id=\"76b6286\" data-element_type=\"widget\" data-widget_type=\"text-editor.default\">\n\t\t\t\t<div class=\"elementor-widget-container\">\n\t\t\t<style>\/*! elementor - v3.13.2 - 11-05-2023 *\/\n.elementor-widget-text-editor.elementor-drop-cap-view-stacked .elementor-drop-cap{background-color:#69727d;color:#fff}.elementor-widget-text-editor.elementor-drop-cap-view-framed .elementor-drop-cap{color:#69727d;border:3px solid;background-color:transparent}.elementor-widget-text-editor:not(.elementor-drop-cap-view-default) .elementor-drop-cap{margin-top:8px}.elementor-widget-text-editor:not(.elementor-drop-cap-view-default) .elementor-drop-cap-letter{width:1em;height:1em}.elementor-widget-text-editor .elementor-drop-cap{float:left;text-align:center;line-height:1;font-size:50px}.elementor-widget-text-editor .elementor-drop-cap-letter{display:inline-block}<\/style>\t\t\t\t<p>Le finestre sono una delle poche decisioni che si prendono una sola volta per una casa. Con una durata di vita superiore ai 30 anni, fare la scelta giusta \u00e8 essenziale per il comfort e l&#8217;efficienza a lungo termine della tua abitazione.<\/p><p>Una finestra ben scelta e correttamente installata contribuisce direttamente alla riduzione dei costi energetici, elimina il rischio di condensa, attenua i rumori esterni e offre un elevato livello di sicurezza contro i tentativi di effrazione. Al contrario, una scelta basata esclusivamente sul prezzo pi\u00f9 basso pu\u00f2 generare, nel tempo, numerosi inconvenienti: frequenti regolazioni, disagio termico e acustico, o prestazioni insufficienti per le reali condizioni ambientali in cui si trova l&#8217;abitazione.<\/p>\t\t\t\t\t\t<\/div>\n\t\t\t\t<\/div>\n\t\t\t\t<div class=\"elementor-element elementor-element-4eaad44 elementor-widget elementor-widget-heading\" data-id=\"4eaad44\" data-element_type=\"widget\" data-widget_type=\"heading.default\">\n\t\t\t\t<div class=\"elementor-widget-container\">\n\t\t\t<h2 class=\"elementor-heading-title elementor-size-default\">Una finestra \u00e8 un sistema. Questa \u00e8 probabilmente la cosa pi\u00f9 importante da capire prima di aprire il primo catalogo o richiedere il primo preventivo.<\/h2>\t\t<\/div>\n\t\t\t\t<\/div>\n\t\t\t\t<div class=\"elementor-element elementor-element-caff852 elementor-widget elementor-widget-text-editor\" data-id=\"caff852\" data-element_type=\"widget\" data-widget_type=\"text-editor.default\">\n\t\t\t\t<div class=\"elementor-widget-container\">\n\t\t\t\t\t\t\t<p>Una finestra in PVC \u00e8 composta da quattro elementi che devono funzionare insieme: il profilo (il telaio in PVC), l&#8217;unit\u00e0 vetrata (doppio o triplo vetro), la ferramenta (i meccanismi di apertura e chiusura) e l&#8217;installazione. Ognuno di essi contribuisce alle prestazioni finali.<\/p><p>La sola installazione ha un impatto fino al 50% sulle propriet\u00e0 di isolamento e sulle prestazioni finali di una finestra. Una finestra di alta gamma installata con superficialit\u00e0 diventa, nel giro di pochi anni, una finestra mediocre con condensa, spifferi e difficolt\u00e0 di chiusura. Al contrario, un&#8217;installazione impeccabile non pu\u00f2 recuperare le prestazioni di un sistema tecnicamente debole.<\/p><p>Lo stesso principio vale all&#8217;interno della finestra stessa: le prestazioni di un sistema sono dettate dal suo componente pi\u00f9 debole. Un profilo a 7 camere abbinato a un doppio vetro standard produce un assemblaggio sbilanciato \u2014 il profilo non pu\u00f2 esprimere il suo potenziale e il risultato \u00e8 modesto rispetto all&#8217;investimento. Un&#8217;unit\u00e0 a triplo vetro (che pesa circa il 50% in pi\u00f9 rispetto al doppio vetro standard \u2014 circa 30 kg\/m\u00b2 contro 20 kg\/m\u00b2) installata su un profilo a 3\u20134 camere eserciter\u00e0 uno sforzo eccessivo sulla ferramenta, causando il cedimento della finestra, la perdita di allineamento e la necessit\u00e0 di frequenti interventi di manutenzione.<\/p><p>Comprendere questa logica di sistema \u00e8 ci\u00f2 che distingue un buon acquisto da uno che appare valido sulla carta ma delude nella pratica.<\/p><p>La maggior parte delle persone inizia il processo di acquisto con la domanda sbagliata: <em>&#8220;Quali finestre sono buone?&#8221;<\/em> La domanda giusta \u00e8 diversa: <em>&#8220;Quali finestre sono adatte alla mia situazione specifica?&#8221;<\/em><\/p><p>Non esiste una finestra universalmente ottimale. Esistono finestre adatte a una casa passiva esposta a nord, finestre adatte a un appartamento al piano terra in un edificio nel centro citt\u00e0, e finestre adatte a una ristrutturazione con un budget definito in un edificio degli anni &#8217;70. Gli stessi prodotti possono essere la scelta perfetta in un caso e uno spreco di denaro in un altro.<\/p><p>Prima di aprire il primo catalogo o richiedere il primo preventivo, rispondi a cinque domande sul tuo edificio. Le risposte filtreranno e orienteranno tutte le decisioni tecniche successive.<\/p>\t\t\t\t\t\t<\/div>\n\t\t\t\t<\/div>\n\t\t\t\t<div class=\"elementor-element elementor-element-7ad4fe1 elementor-widget elementor-widget-heading\" data-id=\"7ad4fe1\" data-element_type=\"widget\" data-widget_type=\"heading.default\">\n\t\t\t\t<div class=\"elementor-widget-container\">\n\t\t\t<h2 class=\"elementor-heading-title elementor-size-default\">Orientamento della facciata: come il sole influenza la scelta delle finestre in PVC<\/h2>\t\t<\/div>\n\t\t\t\t<\/div>\n\t\t\t\t<div class=\"elementor-element elementor-element-043e1d8 elementor-widget elementor-widget-text-editor\" data-id=\"043e1d8\" data-element_type=\"widget\" data-widget_type=\"text-editor.default\">\n\t\t\t\t<div class=\"elementor-widget-container\">\n\t\t\t\t\t\t\t<p>L&#8217;orientamento delle finestre determina il tipo di vetro necessario, due finestre identiche per profilo e prezzo possono produrre esperienze completamente diverse a seconda di dove vengono installate.<\/p><p>Il vetro moderno pu\u00f2 essere configurato con due obiettivi parzialmente opposti: massimizzare il guadagno di calore solare in inverno (utile per facciate esposte a nord o abitazioni in regioni fredde), oppure bloccare una parte della radiazione solare in estate (essenziale per facciate esposte a sud). Il parametro che governa questo equilibrio \u00e8 chiamato fattore solare (valore g), che approfondiremo nel capitolo dedicato al vetro. Per ora, ricorda il principio:<\/p><ul><li>Facciata esposta a sud: la priorit\u00e0 \u00e8 il controllo solare \u2014 un vetro con basso fattore solare (valore g) riduce il surriscaldamento interno in estate senza sacrificare significativamente la luce naturale.<\/li><li>Facciata esposta a nord: la priorit\u00e0 \u00e8 il massimo isolamento termico \u2014 il coefficiente Ug pi\u00f9 basso possibile (vetro che conduce il minor calore possibile), senza necessit\u00e0 di un controllo solare aggressivo.<\/li><li>Facciate esposte a est e ovest: un equilibrio tra i due.<\/li><\/ul><p>Un altro effetto dell&#8217;orientamento riguarda il colore del profilo. I profili di colore scuro (grigio antracite, marrone, nero) assorbono una quantit\u00e0 di radiazione solare di gran lunga superiore rispetto a quelli bianchi. Un profilo bianco raggiunge circa 40\u201350\u00b0C nelle giornate di grande caldo. Un profilo di colore scuro su una facciata esposta a sud pu\u00f2 raggiungere 70\u201380\u00b0C. A queste temperature, la dilatazione termica del profilo in PVC diventa considerevole. Se l&#8217;installazione non viene eseguita con le tolleranze corrette e i punti di fissaggio posizionati in modo strategico, il risultato pu\u00f2 essere la deformazione del profilo, difficolt\u00e0 di chiusura o perdita di tenuta nel tempo.<\/p><p>Esiste anche una misura complementare, indipendente dall&#8217;installazione: i sistemi di oscuramento esterni. Tapparelle esterne, veneziane o tende da sole riducono la temperatura che il profilo raggiunge nelle giornate di intensa radiazione solare, sempre pi\u00f9 frequenti in tutta Europa negli ultimi anni, proteggendo sia il profilo sia l&#8217;interno dell&#8217;abitazione dal surriscaldamento.<\/p>\t\t\t\t\t\t<\/div>\n\t\t\t\t<\/div>\n\t\t\t\t<div class=\"elementor-element elementor-element-e6a33b7 elementor-widget elementor-widget-heading\" data-id=\"e6a33b7\" data-element_type=\"widget\" data-widget_type=\"heading.default\">\n\t\t\t\t<div class=\"elementor-widget-container\">\n\t\t\t<h2 class=\"elementor-heading-title elementor-size-default\">Zona climatica e isolamento termico (Uw)<\/h2>\t\t<\/div>\n\t\t\t\t<\/div>\n\t\t\t\t<div class=\"elementor-element elementor-element-1426fe8 elementor-widget elementor-widget-text-editor\" data-id=\"1426fe8\" data-element_type=\"widget\" data-widget_type=\"text-editor.default\">\n\t\t\t\t<div class=\"elementor-widget-container\">\n\t\t\t\t\t\t\t<p>Il parametro centrale \u00e8 il coefficiente di trasmittanza termica Uw (U-finestra), che misura quanta energia termica la finestra disperde per metro quadrato per ogni grado di differenza di temperatura tra interno ed esterno. Pi\u00f9 basso \u00e8 il valore Uw, migliore \u00e8 l&#8217;isolamento della finestra. L&#8217;unit\u00e0 di misura \u00e8 W\/m\u00b2K.<\/p><p>Per capire in termini pratici cosa significano i diversi valori:<\/p><ul><li>Uw ~ 1,3\u20131,6 W\/m\u00b2K \u2014 prestazioni standard, adatte a ristrutturazioni o spazi commerciali con requisiti moderati. Corrisponde tipicamente a profili da 60mm con 4 camere e doppio vetro standard.<\/li><li>Uw ~ 1,0\u20131,3 W\/m\u00b2K \u2014 buone prestazioni, adatte a edifici residenziali standard in aree con inverni miti.<\/li><li>Uw ~ 0,8\u20131,0 W\/m\u00b2K \u2014 alte prestazioni, consigliate per nuove costruzioni in aree con inverni rigidi o per proprietari che privilegiano l&#8217;efficienza energetica.<\/li><li>Uw inferiore a 0,8 W\/m\u00b2K \u2014 il territorio delle case ad alta efficienza energetica e passive. Le finestre della serie Softline 82 raggiungono Uw = 0,67 W\/m\u00b2K, mentre il Deceuninck 76 scende fino a 0,62 W\/m\u00b2K.<\/li><\/ul><p>Dal punto di vista della zona climatica, la regola pratica \u00e8 semplice: pi\u00f9 lunghi e rigidi sono gli inverni nella tua area, pi\u00f9 rapidamente l&#8217;investimento in una finestra in PVC con Uw pi\u00f9 basso si ripaga attraverso la riduzione delle bollette energetiche.<\/p>\t\t\t\t\t\t<\/div>\n\t\t\t\t<\/div>\n\t\t\t\t<div class=\"elementor-element elementor-element-e8d7b61 elementor-widget elementor-widget-heading\" data-id=\"e8d7b61\" data-element_type=\"widget\" data-widget_type=\"heading.default\">\n\t\t\t\t<div class=\"elementor-widget-container\">\n\t\t\t<h2 class=\"elementor-heading-title elementor-size-default\">Tipo di costruzione: casa nuova o condominio?<\/h2>\t\t<\/div>\n\t\t\t\t<\/div>\n\t\t\t\t<div class=\"elementor-element elementor-element-bc99577 elementor-widget elementor-widget-text-editor\" data-id=\"bc99577\" data-element_type=\"widget\" data-widget_type=\"text-editor.default\">\n\t\t\t\t<div class=\"elementor-widget-container\">\n\t\t\t\t\t\t\t<p>Determina ci\u00f2 che \u00e8 tecnicamente possibile:<\/p><ul><li>Nuova costruzione: libert\u00e0 completa \u2014 si raccomanda un profilo ad alte prestazioni. Se stai costruendo una nuova casa, non vi \u00e8 alcuna giustificazione tecnica per scegliere un profilo di fascia bassa; la differenza di costo rispetto a una serie premium si ripaga in pochi anni grazie al risparmio energetico.<\/li><li>Appartamento in condominio: vincoli derivanti dalle aperture esistenti, dalla muratura e dall&#8217;installazione; impatto acustico limitato dalla struttura.<\/li><li>Edificio antico \/ di interesse storico: possono esistere restrizioni architettoniche o vincolistiche che limitano le modifiche alla facciata, inclusi il colore o la forma del profilo. Verificare prima di ordinare.<\/li><li>Casa passiva: requisiti tecnici rigorosi, spesso specificati nel progetto. Uw inferiore a 0,8 W\/m\u00b2K diventa obbligatorio, il triplo vetro \u00e8 la regola piuttosto che l&#8217;eccezione, e l&#8217;installazione deve eliminare completamente i ponti termici. Il profilo scelto deve essere compatibile con unit\u00e0 vetrate spesse \u2014 il triplo vetro ad alte prestazioni pu\u00f2 superare i 50mm di spessore totale, richiedendo profili con una profondit\u00e0 costruttiva di almeno 76\u201382mm.<\/li><\/ul>\t\t\t\t\t\t<\/div>\n\t\t\t\t<\/div>\n\t\t\t\t<div class=\"elementor-element elementor-element-6c7e1fa elementor-widget elementor-widget-heading\" data-id=\"6c7e1fa\" data-element_type=\"widget\" data-widget_type=\"heading.default\">\n\t\t\t\t<div class=\"elementor-widget-container\">\n\t\t\t<h2 class=\"elementor-heading-title elementor-size-default\">Piano, pressione del vento e sicurezza (Classi RC)<\/h2>\t\t<\/div>\n\t\t\t\t<\/div>\n\t\t\t\t<div class=\"elementor-element elementor-element-713800a elementor-widget elementor-widget-text-editor\" data-id=\"713800a\" data-element_type=\"widget\" data-widget_type=\"text-editor.default\">\n\t\t\t\t<div class=\"elementor-widget-container\">\n\t\t\t\t\t\t\t<p>La posizione della finestra all&#8217;interno dell&#8217;edificio ha due implicazioni dirette: la pressione del vento e il rischio di effrazione.<\/p><p>Ai piani superiori, la pressione del vento sulla finestra \u00e8 significativamente maggiore rispetto al piano terra. Ci\u00f2 significa che i requisiti di tenuta e rigidit\u00e0 strutturale del profilo sono pi\u00f9 esigenti \u2014 un profilo di Classe A con una parete esterna di almeno 3mm non \u00e8 un optional, ma una necessit\u00e0 per mantenere le prestazioni nel lungo periodo.<\/p><p>Al piano terra o al primo piano, il rischio di effrazione \u00e8 la principale preoccupazione aggiuntiva rispetto a un piano superiore standard. La sicurezza di una finestra \u00e8 garantita da un sistema integrato \u2014 un profilo rigido, ferramenta multipunto con resistenza all&#8217;effrazione certificata (classi RC definite dalla norma europea EN 1627) e, opzionalmente, vetro laminato che non si frantuma all&#8217;impatto ma rimane coeso, bloccando l&#8217;accesso.<\/p>\t\t\t\t\t\t<\/div>\n\t\t\t\t<\/div>\n\t\t\t\t<div class=\"elementor-element elementor-element-1596fa8 elementor-widget elementor-widget-heading\" data-id=\"1596fa8\" data-element_type=\"widget\" data-widget_type=\"heading.default\">\n\t\t\t\t<div class=\"elementor-widget-container\">\n\t\t\t<h2 class=\"elementor-heading-title elementor-size-default\">Livello di rumore: quando l'isolamento acustico diventa una priorit\u00e0<\/h2>\t\t<\/div>\n\t\t\t\t<\/div>\n\t\t\t\t<div class=\"elementor-element elementor-element-7f82e2d elementor-widget elementor-widget-text-editor\" data-id=\"7f82e2d\" data-element_type=\"widget\" data-widget_type=\"text-editor.default\">\n\t\t\t\t<div class=\"elementor-widget-container\">\n\t\t\t\t\t\t\t<p>Le prestazioni acustiche di una finestra si misurano in decibel di attenuazione (Rw) e dipendono, analogamente all&#8217;isolamento termico, dall&#8217;intero sistema \u2014 non da un solo elemento.<\/p><p>Alcuni riferimenti pratici:<\/p><ul><li>Area residenziale tranquilla: il doppio vetro standard fornisce un&#8217;attenuazione sufficiente (30\u201333 dB).<\/li><li>Strada urbana con traffico moderato: una finestra con profilo profondo e doppio vetro acustico (lastre asimmetriche di spessori diversi) pu\u00f2 raggiungere 37\u201340 dB.<\/li><li>Strada statale, viale trafficato: \u00e8 necessaria una configurazione dedicata (profilo a 6\u20137 camere, triplo vetro o doppio vetro acustico con lastre asimmetriche). Un assemblaggio ben scelto pu\u00f2 ridurre il rumore esterno di 40\u201345 dB.<\/li><\/ul><p>Un aspetto fisico rilevante: il triplo vetro offre circa il 20\u201330% di attenuazione acustica in pi\u00f9 rispetto al doppio vetro standard, ma le massime prestazioni acustiche non derivano automaticamente dal numero di lastre, derivano dalla configurazione asimmetrica degli spessori, che disturba la risonanza acustica.<\/p>\t\t\t\t\t\t<\/div>\n\t\t\t\t<\/div>\n\t\t\t\t<div class=\"elementor-element elementor-element-63ab8af elementor-widget elementor-widget-heading\" data-id=\"63ab8af\" data-element_type=\"widget\" data-widget_type=\"heading.default\">\n\t\t\t\t<div class=\"elementor-widget-container\">\n\t\t\t<h2 class=\"elementor-heading-title elementor-size-default\">Conclusione: Non esiste la \"finestra migliore\" \u2014 esiste solo quella giusta per te<\/h2>\t\t<\/div>\n\t\t\t\t<\/div>\n\t\t\t\t<div class=\"elementor-element elementor-element-982a359 elementor-widget elementor-widget-text-editor\" data-id=\"982a359\" data-element_type=\"widget\" data-widget_type=\"text-editor.default\">\n\t\t\t\t<div class=\"elementor-widget-container\">\n\t\t\t\t\t\t\t<p>Scegliere gli infissi in PVC \u00e8 un puzzle tecnico. Come hai visto, un profilo eccellente pu\u00f2 fallire se il vetro non \u00e8 adattato alla facciata, o se l&#8217;installazione ignora la dilatazione termica. Il segreto per un investimento valido nell&#8217;arco di 30 anni \u00e8 l&#8217;equilibrio tra questi componenti.<\/p><p>Pronto a fare la scelta giusta per la tua casa? Non lasciare la configurazione delle tue finestre al caso. Un preventivo senza un&#8217;analisi della tua posizione non \u00e8 altro che un elenco di cifre.<\/p><p>I nostri specialisti ti aiuteranno a configurare il sistema di finestre in PVC perfetto, su misura per la tua zona climatica e le esigenze di isolamento della tua famiglia.<\/p>\t\t\t\t\t\t<\/div>\n\t\t\t\t<\/div>\n\t\t\t\t<div class=\"elementor-element elementor-element-163971b elementor-align-left elementor-widget elementor-widget-button\" data-id=\"163971b\" data-element_type=\"widget\" data-widget_type=\"button.default\">\n\t\t\t\t<div class=\"elementor-widget-container\">\n\t\t\t\t\t<div class=\"elementor-button-wrapper\">\n\t\t\t<a href=\"https:\/\/aplast.ro\/it\/contact\" class=\"elementor-button-link elementor-button elementor-size-md\" role=\"button\" id=\"btn-cerere-oferta-intro\">\n\t\t\t\t\t\t<span class=\"elementor-button-content-wrapper\">\n\t\t\t\t\t\t\t<span class=\"elementor-button-icon elementor-align-icon-right\">\n\t\t\t\t<i aria-hidden=\"true\" class=\"fas fa-arrow-right\"><\/i>\t\t\t<\/span>\n\t\t\t\t\t\t<span class=\"elementor-button-text\">Richiedi un preventivo<\/span>\n\t\t<\/span>\n\t\t\t\t\t<\/a>\n\t\t<\/div>\n\t\t\t\t<\/div>\n\t\t\t\t<\/div>\n\t\t\t\t<\/div>\n\t\t<div class=\"elementor-element elementor-element-6eba2a4 e-con-full e-flex e-con\" data-id=\"6eba2a4\" data-element_type=\"container\" data-settings=\"{&quot;content_width&quot;:&quot;full&quot;}\">\n\t\t\t\t<\/div>\n\t\t\t\t\t<\/div>\n\t\t\t\t<\/div>\n\t\t\t\t\t\t\t<\/div>\n\t\t","protected":false},"excerpt":{"rendered":"<p>Guida: Come scegliere le finestre in PVC giuste per la tua casa in base alla facciata e alla posizione Le finestre sono una delle poche decisioni che si prendono una sola volta per una casa. Con una durata di vita superiore ai 30 anni, fare la scelta giusta \u00e8 essenziale per il comfort e l&#8217;efficienza [&hellip;]<\/p>\n","protected":false},"author":3,"featured_media":9140,"comment_status":"closed","ping_status":"closed","sticky":false,"template":"elementor_header_footer","format":"standard","meta":{"footnotes":""},"categories":[156,36],"tags":[165,166,157,158,159,160,161,162,163,164],"yoast_head":"<!-- This site is optimized with the Yoast SEO plugin v19.9 - https:\/\/yoast.com\/wordpress\/plugins\/seo\/ -->\n<title>Guida: Come scegliere le finestre in PVC giuste per la tua casa in base alla facciata e alla posizione | Aplast<\/title>\n<meta name=\"description\" content=\"Non acquistare finestre in PVC prima di leggere questa guida! Scopri come scegliere le unit\u00e0 vetrate isolanti giuste in base all&#039;orientamento della facciata, al piano e alla zona climatica per il massimo comfort per 30 anni.\" \/>\n<meta name=\"robots\" content=\"index, follow, max-snippet:-1, max-image-preview:large, max-video-preview:-1\" \/>\n<link rel=\"canonical\" href=\"https:\/\/aplast.ro\/it\/guida-come-scegliere-le-finestre-in-pvc-giuste-per-la-tua-casa-in-base-alla-facciata-e-alla-posizione\/\" \/>\n<meta property=\"og:locale\" content=\"it_IT\" \/>\n<meta property=\"og:type\" content=\"article\" \/>\n<meta property=\"og:title\" content=\"Guida: Come scegliere le finestre in PVC giuste per la tua casa in base alla facciata e alla posizione | Aplast\" \/>\n<meta property=\"og:description\" content=\"Non acquistare finestre in PVC prima di leggere questa guida! Scopri come scegliere le unit\u00e0 vetrate isolanti giuste in base all&#039;orientamento della facciata, al piano e alla zona climatica per il massimo comfort per 30 anni.\" \/>\n<meta property=\"og:url\" content=\"https:\/\/aplast.ro\/it\/guida-come-scegliere-le-finestre-in-pvc-giuste-per-la-tua-casa-in-base-alla-facciata-e-alla-posizione\/\" \/>\n<meta property=\"og:site_name\" content=\"Aplast\" \/>\n<meta property=\"article:published_time\" content=\"2026-04-28T07:46:27+00:00\" \/>\n<meta property=\"article:modified_time\" content=\"2026-04-28T10:14:52+00:00\" \/>\n<meta property=\"og:image\" content=\"https:\/\/aplast.ro\/wp-content\/uploads\/2026\/04\/casa-sustenabila-cu-ferestre-pvc-termopan-aplast.webp\" \/>\n\t<meta property=\"og:image:width\" content=\"1376\" \/>\n\t<meta property=\"og:image:height\" content=\"768\" \/>\n\t<meta property=\"og:image:type\" content=\"image\/webp\" \/>\n<meta name=\"author\" content=\"Aplast\" \/>\n<meta name=\"twitter:card\" content=\"summary_large_image\" \/>\n<meta name=\"twitter:label1\" content=\"Scritto da\" \/>\n\t<meta name=\"twitter:data1\" content=\"Aplast\" \/>\n\t<meta name=\"twitter:label2\" content=\"Tempo di lettura stimato\" \/>\n\t<meta name=\"twitter:data2\" content=\"8 minuti\" \/>\n<script type=\"application\/ld+json\" class=\"yoast-schema-graph\">{\"@context\":\"https:\/\/schema.org\",\"@graph\":[{\"@type\":\"Article\",\"@id\":\"https:\/\/aplast.ro\/it\/guida-come-scegliere-le-finestre-in-pvc-giuste-per-la-tua-casa-in-base-alla-facciata-e-alla-posizione\/#article\",\"isPartOf\":{\"@id\":\"https:\/\/aplast.ro\/it\/guida-come-scegliere-le-finestre-in-pvc-giuste-per-la-tua-casa-in-base-alla-facciata-e-alla-posizione\/\"},\"author\":{\"name\":\"Aplast\",\"@id\":\"https:\/\/aplast.ro\/#\/schema\/person\/9ba9e9ab61fc1c3060d4b12e70c23d34\"},\"headline\":\"Guida: Come scegliere le finestre in PVC giuste per la tua casa in base alla facciata e alla posizione\",\"datePublished\":\"2026-04-28T07:46:27+00:00\",\"dateModified\":\"2026-04-28T10:14:52+00:00\",\"mainEntityOfPage\":{\"@id\":\"https:\/\/aplast.ro\/it\/guida-come-scegliere-le-finestre-in-pvc-giuste-per-la-tua-casa-in-base-alla-facciata-e-alla-posizione\/\"},\"wordCount\":1625,\"publisher\":{\"@id\":\"https:\/\/aplast.ro\/#organization\"},\"keywords\":[\"vetro isolante\",\"doppio vetro\",\"finestre in PVC\",\"infissi in PVC\",\"serramenti in PVC\",\"vetro isolante\",\"doppio vetro\",\"finestre in PVC\",\"infissi in PVC\",\"serramenti in PVC\"],\"articleSection\":[\"Guida Finestre in PVC\",\"Non categorizzato\"],\"inLanguage\":\"it-IT\"},{\"@type\":\"WebPage\",\"@id\":\"https:\/\/aplast.ro\/it\/guida-come-scegliere-le-finestre-in-pvc-giuste-per-la-tua-casa-in-base-alla-facciata-e-alla-posizione\/\",\"url\":\"https:\/\/aplast.ro\/it\/guida-come-scegliere-le-finestre-in-pvc-giuste-per-la-tua-casa-in-base-alla-facciata-e-alla-posizione\/\",\"name\":\"Guida: Come scegliere le finestre in PVC giuste per la tua casa in base alla facciata e alla posizione | Aplast\",\"isPartOf\":{\"@id\":\"https:\/\/aplast.ro\/#website\"},\"datePublished\":\"2026-04-28T07:46:27+00:00\",\"dateModified\":\"2026-04-28T10:14:52+00:00\",\"description\":\"Non acquistare finestre in PVC prima di leggere questa guida! Scopri come scegliere le unit\u00e0 vetrate isolanti giuste in base all'orientamento della facciata, al piano e alla zona climatica per il massimo comfort per 30 anni.\",\"breadcrumb\":{\"@id\":\"https:\/\/aplast.ro\/it\/guida-come-scegliere-le-finestre-in-pvc-giuste-per-la-tua-casa-in-base-alla-facciata-e-alla-posizione\/#breadcrumb\"},\"inLanguage\":\"it-IT\",\"potentialAction\":[{\"@type\":\"ReadAction\",\"target\":[\"https:\/\/aplast.ro\/it\/guida-come-scegliere-le-finestre-in-pvc-giuste-per-la-tua-casa-in-base-alla-facciata-e-alla-posizione\/\"]}]},{\"@type\":\"BreadcrumbList\",\"@id\":\"https:\/\/aplast.ro\/it\/guida-come-scegliere-le-finestre-in-pvc-giuste-per-la-tua-casa-in-base-alla-facciata-e-alla-posizione\/#breadcrumb\",\"itemListElement\":[{\"@type\":\"ListItem\",\"position\":1,\"name\":\"Home\",\"item\":\"https:\/\/aplast.ro\/it\/\"},{\"@type\":\"ListItem\",\"position\":2,\"name\":\"Ghid Ferestre PVC\",\"item\":\"https:\/\/aplast.ro\/category\/ghid-ferestre-pvc\/\"},{\"@type\":\"ListItem\",\"position\":3,\"name\":\"Guida: Come scegliere le finestre in PVC giuste per la tua casa in base alla facciata e alla posizione\"}]},{\"@type\":\"WebSite\",\"@id\":\"https:\/\/aplast.ro\/#website\",\"url\":\"https:\/\/aplast.ro\/\",\"name\":\"Aplast\",\"description\":\"Ferestre \u0219i U\u0219i PVC &amp; Termopan\",\"publisher\":{\"@id\":\"https:\/\/aplast.ro\/#organization\"},\"potentialAction\":[{\"@type\":\"SearchAction\",\"target\":{\"@type\":\"EntryPoint\",\"urlTemplate\":\"https:\/\/aplast.ro\/?s={search_term_string}\"},\"query-input\":\"required name=search_term_string\"}],\"inLanguage\":\"it-IT\"},{\"@type\":\"Organization\",\"@id\":\"https:\/\/aplast.ro\/#organization\",\"name\":\"Aplast\",\"url\":\"https:\/\/aplast.ro\/\",\"logo\":{\"@type\":\"ImageObject\",\"inLanguage\":\"it-IT\",\"@id\":\"https:\/\/aplast.ro\/#\/schema\/logo\/image\/\",\"url\":\"https:\/\/aplast.ro\/wp-content\/uploads\/2023\/08\/logo-aplast.png\",\"contentUrl\":\"https:\/\/aplast.ro\/wp-content\/uploads\/2023\/08\/logo-aplast.png\",\"width\":213,\"height\":100,\"caption\":\"Aplast\"},\"image\":{\"@id\":\"https:\/\/aplast.ro\/#\/schema\/logo\/image\/\"}},{\"@type\":\"Person\",\"@id\":\"https:\/\/aplast.ro\/#\/schema\/person\/9ba9e9ab61fc1c3060d4b12e70c23d34\",\"name\":\"Aplast\",\"image\":{\"@type\":\"ImageObject\",\"inLanguage\":\"it-IT\",\"@id\":\"https:\/\/aplast.ro\/#\/schema\/person\/image\/\",\"url\":\"https:\/\/secure.gravatar.com\/avatar\/8e74611cac5a3a58b2d6d4d94a53ed67?s=96&d=mm&r=g\",\"contentUrl\":\"https:\/\/secure.gravatar.com\/avatar\/8e74611cac5a3a58b2d6d4d94a53ed67?s=96&d=mm&r=g\",\"caption\":\"Aplast\"},\"url\":\"https:\/\/aplast.ro\/it\/author\/aplast\/\"}]}<\/script>\n<!-- \/ Yoast SEO plugin. -->","yoast_head_json":{"title":"Guida: Come scegliere le finestre in PVC giuste per la tua casa in base alla facciata e alla posizione | Aplast","description":"Non acquistare finestre in PVC prima di leggere questa guida! Scopri come scegliere le unit\u00e0 vetrate isolanti giuste in base all'orientamento della facciata, al piano e alla zona climatica per il massimo comfort per 30 anni.","robots":{"index":"index","follow":"follow","max-snippet":"max-snippet:-1","max-image-preview":"max-image-preview:large","max-video-preview":"max-video-preview:-1"},"canonical":"https:\/\/aplast.ro\/it\/guida-come-scegliere-le-finestre-in-pvc-giuste-per-la-tua-casa-in-base-alla-facciata-e-alla-posizione\/","og_locale":"it_IT","og_type":"article","og_title":"Guida: Come scegliere le finestre in PVC giuste per la tua casa in base alla facciata e alla posizione | Aplast","og_description":"Non acquistare finestre in PVC prima di leggere questa guida! Scopri come scegliere le unit\u00e0 vetrate isolanti giuste in base all'orientamento della facciata, al piano e alla zona climatica per il massimo comfort per 30 anni.","og_url":"https:\/\/aplast.ro\/it\/guida-come-scegliere-le-finestre-in-pvc-giuste-per-la-tua-casa-in-base-alla-facciata-e-alla-posizione\/","og_site_name":"Aplast","article_published_time":"2026-04-28T07:46:27+00:00","article_modified_time":"2026-04-28T10:14:52+00:00","og_image":[{"width":1376,"height":768,"url":"https:\/\/aplast.ro\/wp-content\/uploads\/2026\/04\/casa-sustenabila-cu-ferestre-pvc-termopan-aplast.webp","type":"image\/webp"}],"author":"Aplast","twitter_card":"summary_large_image","twitter_misc":{"Scritto da":"Aplast","Tempo di lettura stimato":"8 minuti"},"schema":{"@context":"https:\/\/schema.org","@graph":[{"@type":"Article","@id":"https:\/\/aplast.ro\/it\/guida-come-scegliere-le-finestre-in-pvc-giuste-per-la-tua-casa-in-base-alla-facciata-e-alla-posizione\/#article","isPartOf":{"@id":"https:\/\/aplast.ro\/it\/guida-come-scegliere-le-finestre-in-pvc-giuste-per-la-tua-casa-in-base-alla-facciata-e-alla-posizione\/"},"author":{"name":"Aplast","@id":"https:\/\/aplast.ro\/#\/schema\/person\/9ba9e9ab61fc1c3060d4b12e70c23d34"},"headline":"Guida: Come scegliere le finestre in PVC giuste per la tua casa in base alla facciata e alla posizione","datePublished":"2026-04-28T07:46:27+00:00","dateModified":"2026-04-28T10:14:52+00:00","mainEntityOfPage":{"@id":"https:\/\/aplast.ro\/it\/guida-come-scegliere-le-finestre-in-pvc-giuste-per-la-tua-casa-in-base-alla-facciata-e-alla-posizione\/"},"wordCount":1625,"publisher":{"@id":"https:\/\/aplast.ro\/#organization"},"keywords":["vetro isolante","doppio vetro","finestre in PVC","infissi in PVC","serramenti in PVC","vetro isolante","doppio vetro","finestre in PVC","infissi in PVC","serramenti in PVC"],"articleSection":["Guida Finestre in PVC","Non categorizzato"],"inLanguage":"it-IT"},{"@type":"WebPage","@id":"https:\/\/aplast.ro\/it\/guida-come-scegliere-le-finestre-in-pvc-giuste-per-la-tua-casa-in-base-alla-facciata-e-alla-posizione\/","url":"https:\/\/aplast.ro\/it\/guida-come-scegliere-le-finestre-in-pvc-giuste-per-la-tua-casa-in-base-alla-facciata-e-alla-posizione\/","name":"Guida: Come scegliere le finestre in PVC giuste per la tua casa in base alla facciata e alla posizione | Aplast","isPartOf":{"@id":"https:\/\/aplast.ro\/#website"},"datePublished":"2026-04-28T07:46:27+00:00","dateModified":"2026-04-28T10:14:52+00:00","description":"Non acquistare finestre in PVC prima di leggere questa guida! Scopri come scegliere le unit\u00e0 vetrate isolanti giuste in base all'orientamento della facciata, al piano e alla zona climatica per il massimo comfort per 30 anni.","breadcrumb":{"@id":"https:\/\/aplast.ro\/it\/guida-come-scegliere-le-finestre-in-pvc-giuste-per-la-tua-casa-in-base-alla-facciata-e-alla-posizione\/#breadcrumb"},"inLanguage":"it-IT","potentialAction":[{"@type":"ReadAction","target":["https:\/\/aplast.ro\/it\/guida-come-scegliere-le-finestre-in-pvc-giuste-per-la-tua-casa-in-base-alla-facciata-e-alla-posizione\/"]}]},{"@type":"BreadcrumbList","@id":"https:\/\/aplast.ro\/it\/guida-come-scegliere-le-finestre-in-pvc-giuste-per-la-tua-casa-in-base-alla-facciata-e-alla-posizione\/#breadcrumb","itemListElement":[{"@type":"ListItem","position":1,"name":"Home","item":"https:\/\/aplast.ro\/it\/"},{"@type":"ListItem","position":2,"name":"Ghid Ferestre PVC","item":"https:\/\/aplast.ro\/category\/ghid-ferestre-pvc\/"},{"@type":"ListItem","position":3,"name":"Guida: Come scegliere le finestre in PVC giuste per la tua casa in base alla facciata e alla posizione"}]},{"@type":"WebSite","@id":"https:\/\/aplast.ro\/#website","url":"https:\/\/aplast.ro\/","name":"Aplast","description":"Ferestre \u0219i U\u0219i PVC &amp; Termopan","publisher":{"@id":"https:\/\/aplast.ro\/#organization"},"potentialAction":[{"@type":"SearchAction","target":{"@type":"EntryPoint","urlTemplate":"https:\/\/aplast.ro\/?s={search_term_string}"},"query-input":"required name=search_term_string"}],"inLanguage":"it-IT"},{"@type":"Organization","@id":"https:\/\/aplast.ro\/#organization","name":"Aplast","url":"https:\/\/aplast.ro\/","logo":{"@type":"ImageObject","inLanguage":"it-IT","@id":"https:\/\/aplast.ro\/#\/schema\/logo\/image\/","url":"https:\/\/aplast.ro\/wp-content\/uploads\/2023\/08\/logo-aplast.png","contentUrl":"https:\/\/aplast.ro\/wp-content\/uploads\/2023\/08\/logo-aplast.png","width":213,"height":100,"caption":"Aplast"},"image":{"@id":"https:\/\/aplast.ro\/#\/schema\/logo\/image\/"}},{"@type":"Person","@id":"https:\/\/aplast.ro\/#\/schema\/person\/9ba9e9ab61fc1c3060d4b12e70c23d34","name":"Aplast","image":{"@type":"ImageObject","inLanguage":"it-IT","@id":"https:\/\/aplast.ro\/#\/schema\/person\/image\/","url":"https:\/\/secure.gravatar.com\/avatar\/8e74611cac5a3a58b2d6d4d94a53ed67?s=96&d=mm&r=g","contentUrl":"https:\/\/secure.gravatar.com\/avatar\/8e74611cac5a3a58b2d6d4d94a53ed67?s=96&d=mm&r=g","caption":"Aplast"},"url":"https:\/\/aplast.ro\/it\/author\/aplast\/"}]}},"_links":{"self":[{"href":"https:\/\/aplast.ro\/it\/wp-json\/wp\/v2\/posts\/9190"}],"collection":[{"href":"https:\/\/aplast.ro\/it\/wp-json\/wp\/v2\/posts"}],"about":[{"href":"https:\/\/aplast.ro\/it\/wp-json\/wp\/v2\/types\/post"}],"author":[{"embeddable":true,"href":"https:\/\/aplast.ro\/it\/wp-json\/wp\/v2\/users\/3"}],"replies":[{"embeddable":true,"href":"https:\/\/aplast.ro\/it\/wp-json\/wp\/v2\/comments?post=9190"}],"version-history":[{"count":5,"href":"https:\/\/aplast.ro\/it\/wp-json\/wp\/v2\/posts\/9190\/revisions"}],"predecessor-version":[{"id":9222,"href":"https:\/\/aplast.ro\/it\/wp-json\/wp\/v2\/posts\/9190\/revisions\/9222"}],"wp:featuredmedia":[{"embeddable":true,"href":"https:\/\/aplast.ro\/it\/wp-json\/wp\/v2\/media\/9140"}],"wp:attachment":[{"href":"https:\/\/aplast.ro\/it\/wp-json\/wp\/v2\/media?parent=9190"}],"wp:term":[{"taxonomy":"category","embeddable":true,"href":"https:\/\/aplast.ro\/it\/wp-json\/wp\/v2\/categories?post=9190"},{"taxonomy":"post_tag","embeddable":true,"href":"https:\/\/aplast.ro\/it\/wp-json\/wp\/v2\/tags?post=9190"}],"curies":[{"name":"wp","href":"https:\/\/api.w.org\/{rel}","templated":true}]}}