{"id":9206,"date":"2026-04-28T12:39:06","date_gmt":"2026-04-28T09:39:06","guid":{"rendered":"https:\/\/aplast.ro\/?p=9206"},"modified":"2026-04-28T13:03:04","modified_gmt":"2026-04-28T10:03:04","slug":"guide-comment-choisir-les-bonnes-fenetres-en-pvc-pour-votre-maison-en-fonction-de-la-facade-et-de-lemplacement","status":"publish","type":"post","link":"https:\/\/aplast.ro\/fr\/guide-comment-choisir-les-bonnes-fenetres-en-pvc-pour-votre-maison-en-fonction-de-la-facade-et-de-lemplacement\/","title":{"rendered":"Guide : Comment choisir les bonnes fen\u00eatres en PVC pour votre maison en fonction de la fa\u00e7ade et de l&#8217;emplacement"},"content":{"rendered":"\t\t<div data-elementor-type=\"wp-post\" data-elementor-id=\"9206\" class=\"elementor elementor-9206\">\n\t\t\t\t\t\t\t<div class=\"elementor-element elementor-element-45c080c e-con-boxed e-flex e-con\" data-id=\"45c080c\" data-element_type=\"container\" data-settings=\"{&quot;content_width&quot;:&quot;boxed&quot;}\">\n\t\t\t\t\t<div class=\"e-con-inner\">\n\t\t<div class=\"elementor-element elementor-element-15a1868 e-con-full e-flex e-con\" data-id=\"15a1868\" data-element_type=\"container\" data-settings=\"{&quot;content_width&quot;:&quot;full&quot;}\">\n\t\t\t\t<div class=\"elementor-element elementor-element-7233108 elementor-widget elementor-widget-image\" data-id=\"7233108\" data-element_type=\"widget\" data-widget_type=\"image.default\">\n\t\t\t\t<div class=\"elementor-widget-container\">\n\t\t\t<style>\/*! elementor - v3.13.2 - 11-05-2023 *\/\n.elementor-widget-image{text-align:center}.elementor-widget-image a{display:inline-block}.elementor-widget-image a img[src$=\".svg\"]{width:48px}.elementor-widget-image img{vertical-align:middle;display:inline-block}<\/style>\t\t\t\t\t\t\t\t\t\t\t\t<img decoding=\"async\" loading=\"lazy\" width=\"1024\" height=\"572\" src=\"https:\/\/aplast.ro\/wp-content\/uploads\/2026\/04\/casa-sustenabila-cu-ferestre-pvc-termopan-aplast-1024x572.webp\" class=\"attachment-large size-large wp-image-9136\" alt=\"Casa sustenabila cu ferestre pvc termopan Aplast\" srcset=\"https:\/\/aplast.ro\/wp-content\/uploads\/2026\/04\/casa-sustenabila-cu-ferestre-pvc-termopan-aplast-1024x572.webp 1024w, https:\/\/aplast.ro\/wp-content\/uploads\/2026\/04\/casa-sustenabila-cu-ferestre-pvc-termopan-aplast-300x167.webp 300w, https:\/\/aplast.ro\/wp-content\/uploads\/2026\/04\/casa-sustenabila-cu-ferestre-pvc-termopan-aplast-768x429.webp 768w, https:\/\/aplast.ro\/wp-content\/uploads\/2026\/04\/casa-sustenabila-cu-ferestre-pvc-termopan-aplast-1200x670.webp 1200w, https:\/\/aplast.ro\/wp-content\/uploads\/2026\/04\/casa-sustenabila-cu-ferestre-pvc-termopan-aplast.webp 1376w\" sizes=\"(max-width: 1024px) 100vw, 1024px\" \/>\t\t\t\t\t\t\t\t\t\t\t\t\t\t\t<\/div>\n\t\t\t\t<\/div>\n\t\t\t\t<div class=\"elementor-element elementor-element-4d466c1 elementor-widget elementor-widget-heading\" data-id=\"4d466c1\" data-element_type=\"widget\" data-widget_type=\"heading.default\">\n\t\t\t\t<div class=\"elementor-widget-container\">\n\t\t\t<style>\/*! elementor - v3.13.2 - 11-05-2023 *\/\n.elementor-heading-title{padding:0;margin:0;line-height:1}.elementor-widget-heading .elementor-heading-title[class*=elementor-size-]>a{color:inherit;font-size:inherit;line-height:inherit}.elementor-widget-heading .elementor-heading-title.elementor-size-small{font-size:15px}.elementor-widget-heading .elementor-heading-title.elementor-size-medium{font-size:19px}.elementor-widget-heading .elementor-heading-title.elementor-size-large{font-size:29px}.elementor-widget-heading .elementor-heading-title.elementor-size-xl{font-size:39px}.elementor-widget-heading .elementor-heading-title.elementor-size-xxl{font-size:59px}<\/style><h1 class=\"elementor-heading-title elementor-size-xl\">Guide : Comment choisir les bonnes fen\u00eatres en PVC pour votre maison en fonction de la fa\u00e7ade et de l'emplacement<\/h1>\t\t<\/div>\n\t\t\t\t<\/div>\n\t\t\t\t<div class=\"elementor-element elementor-element-76b6286 elementor-widget elementor-widget-text-editor\" data-id=\"76b6286\" data-element_type=\"widget\" data-widget_type=\"text-editor.default\">\n\t\t\t\t<div class=\"elementor-widget-container\">\n\t\t\t<style>\/*! elementor - v3.13.2 - 11-05-2023 *\/\n.elementor-widget-text-editor.elementor-drop-cap-view-stacked .elementor-drop-cap{background-color:#69727d;color:#fff}.elementor-widget-text-editor.elementor-drop-cap-view-framed .elementor-drop-cap{color:#69727d;border:3px solid;background-color:transparent}.elementor-widget-text-editor:not(.elementor-drop-cap-view-default) .elementor-drop-cap{margin-top:8px}.elementor-widget-text-editor:not(.elementor-drop-cap-view-default) .elementor-drop-cap-letter{width:1em;height:1em}.elementor-widget-text-editor .elementor-drop-cap{float:left;text-align:center;line-height:1;font-size:50px}.elementor-widget-text-editor .elementor-drop-cap-letter{display:inline-block}<\/style>\t\t\t\t<p>Les fen\u00eatres font partie des rares d\u00e9cisions que l&rsquo;on ne prend qu&rsquo;une seule fois pour une maison. Avec une dur\u00e9e de vie sup\u00e9rieure \u00e0 30 ans, faire le bon choix est essentiel pour le confort et l&rsquo;efficacit\u00e9 \u00e0 long terme de votre habitation.<\/p><p>Une fen\u00eatre bien choisie et correctement install\u00e9e contribue directement \u00e0 la r\u00e9duction des co\u00fbts \u00e9nerg\u00e9tiques, \u00e9limine le risque de condensation, att\u00e9nue les bruits ext\u00e9rieurs et offre un niveau \u00e9lev\u00e9 de s\u00e9curit\u00e9 contre les tentatives d&rsquo;effraction. En revanche, un choix bas\u00e9 uniquement sur le prix le plus bas peut g\u00e9n\u00e9rer, avec le temps, de nombreux inconv\u00e9nients : r\u00e9glages fr\u00e9quents, inconfort thermique et acoustique, ou performances insuffisantes pour les conditions environnementales r\u00e9elles dans lesquelles se trouve l&rsquo;habitation.<\/p>\t\t\t\t\t\t<\/div>\n\t\t\t\t<\/div>\n\t\t\t\t<div class=\"elementor-element elementor-element-4eaad44 elementor-widget elementor-widget-heading\" data-id=\"4eaad44\" data-element_type=\"widget\" data-widget_type=\"heading.default\">\n\t\t\t\t<div class=\"elementor-widget-container\">\n\t\t\t<h2 class=\"elementor-heading-title elementor-size-default\">Une fen\u00eatre est un syst\u00e8me. C'est probablement la chose la plus importante \u00e0 comprendre avant d'ouvrir le premier catalogue ou de demander le premier devis.<\/h2>\t\t<\/div>\n\t\t\t\t<\/div>\n\t\t\t\t<div class=\"elementor-element elementor-element-caff852 elementor-widget elementor-widget-text-editor\" data-id=\"caff852\" data-element_type=\"widget\" data-widget_type=\"text-editor.default\">\n\t\t\t\t<div class=\"elementor-widget-container\">\n\t\t\t\t\t\t\t<p>Une fen\u00eatre en PVC comporte quatre composants qui doivent fonctionner ensemble : le profil (le cadre en PVC), l&rsquo;unit\u00e9 vitr\u00e9e (double ou triple vitrage), la quincaillerie (les m\u00e9canismes d&rsquo;ouverture et de fermeture) et la pose. Chacun d&rsquo;eux contribue aux performances finales.<\/p><p>La pose seule a un impact allant jusqu&rsquo;\u00e0 50 % sur les propri\u00e9t\u00e9s d&rsquo;isolation et les performances finales d&rsquo;une fen\u00eatre. Une fen\u00eatre haut de gamme pos\u00e9e sans soin devient, en quelques ann\u00e9es, une fen\u00eatre m\u00e9diocre avec condensation, courants d&rsquo;air et difficult\u00e9s de fermeture. \u00c0 l&rsquo;inverse, une pose impeccable ne peut pas rattraper les performances d&rsquo;un syst\u00e8me techniquement faible.<\/p><p>Le m\u00eame principe s&rsquo;applique \u00e0 l&rsquo;int\u00e9rieur m\u00eame de la fen\u00eatre : les performances d&rsquo;un syst\u00e8me sont dict\u00e9es par son composant le plus faible. Un profil \u00e0 7 chambres associ\u00e9 \u00e0 un double vitrage standard produit un assemblage d\u00e9s\u00e9quilibr\u00e9 \u2014 le profil ne peut pas exprimer son potentiel, et le r\u00e9sultat est modeste par rapport \u00e0 l&rsquo;investissement. Une unit\u00e9 \u00e0 triple vitrage (qui p\u00e8se environ 50 % de plus qu&rsquo;un double vitrage standard \u2014 environ 30 kg\/m\u00b2 contre 20 kg\/m\u00b2) install\u00e9e sur un profil \u00e0 3\u20134 chambres exercera une contrainte excessive sur la quincaillerie, provoquant l&rsquo;affaissement de la fen\u00eatre, la perte d&rsquo;alignement et la n\u00e9cessit\u00e9 d&rsquo;interventions fr\u00e9quentes.<\/p><p>Comprendre cette logique de syst\u00e8me est ce qui distingue un bon achat d&rsquo;un achat qui para\u00eet bon sur le papier mais qui d\u00e9\u00e7oit dans la pratique.<\/p><p>La plupart des gens commencent le processus d&rsquo;achat avec la mauvaise question : <em>\u00ab Quelles fen\u00eatres sont bonnes ? \u00bb<\/em> La bonne question est diff\u00e9rente : <em>\u00ab Quelles fen\u00eatres sont adapt\u00e9es \u00e0 ma situation sp\u00e9cifique ? \u00bb<\/em><\/p><p>Il n&rsquo;existe pas de fen\u00eatre universellement optimale. Il existe des fen\u00eatres adapt\u00e9es \u00e0 une maison passive expos\u00e9e au nord, des fen\u00eatres adapt\u00e9es \u00e0 un appartement en rez-de-chauss\u00e9e dans un immeuble en centre-ville, et des fen\u00eatres adapt\u00e9es \u00e0 une r\u00e9novation avec un budget d\u00e9fini dans un b\u00e2timent des ann\u00e9es 1970. Les m\u00eames produits peuvent \u00eatre le choix parfait dans un cas et un gaspillage d&rsquo;argent dans un autre.<\/p><p>Avant d&rsquo;ouvrir le premier catalogue ou de demander le premier devis, r\u00e9pondez \u00e0 cinq questions sur votre b\u00e2timent. Les r\u00e9ponses filtreront et guideront toutes les d\u00e9cisions techniques qui suivront.<\/p>\t\t\t\t\t\t<\/div>\n\t\t\t\t<\/div>\n\t\t\t\t<div class=\"elementor-element elementor-element-7ad4fe1 elementor-widget elementor-widget-heading\" data-id=\"7ad4fe1\" data-element_type=\"widget\" data-widget_type=\"heading.default\">\n\t\t\t\t<div class=\"elementor-widget-container\">\n\t\t\t<h2 class=\"elementor-heading-title elementor-size-default\">Orientation de la fa\u00e7ade : comment le soleil influence le choix des fen\u00eatres en PVC<\/h2>\t\t<\/div>\n\t\t\t\t<\/div>\n\t\t\t\t<div class=\"elementor-element elementor-element-043e1d8 elementor-widget elementor-widget-text-editor\" data-id=\"043e1d8\" data-element_type=\"widget\" data-widget_type=\"text-editor.default\">\n\t\t\t\t<div class=\"elementor-widget-container\">\n\t\t\t\t\t\t\t<p>L&rsquo;orientation de vos fen\u00eatres d\u00e9termine le type de vitrage dont vous avez besoin \u2014 deux fen\u00eatres identiques en termes de profil et de prix peuvent produire des exp\u00e9riences compl\u00e8tement diff\u00e9rentes selon l&rsquo;endroit o\u00f9 elles sont install\u00e9es.<\/p><p>Le vitrage moderne peut \u00eatre configur\u00e9 avec deux objectifs partiellement oppos\u00e9s : maximiser les apports solaires en hiver (utile pour les fa\u00e7ades expos\u00e9es au nord ou les habitations dans des r\u00e9gions froides), ou bloquer une partie du rayonnement solaire en \u00e9t\u00e9 (essentiel pour les fa\u00e7ades expos\u00e9es au sud). Le param\u00e8tre qui r\u00e9git cet \u00e9quilibre est appel\u00e9 facteur solaire (valeur g), que nous d\u00e9taillerons dans le chapitre consacr\u00e9 au vitrage. Pour l&rsquo;instant, retenez le principe :<\/p><ul><li>Fa\u00e7ade expos\u00e9e au sud : la priorit\u00e9 est le contr\u00f4le solaire \u2014 un vitrage avec un faible facteur solaire (valeur g) r\u00e9duit la surchauffe int\u00e9rieure en \u00e9t\u00e9 sans sacrifier significativement la lumi\u00e8re naturelle.<\/li><li>Fa\u00e7ade expos\u00e9e au nord : la priorit\u00e9 est l&rsquo;isolation thermique maximale \u2014 le coefficient Ug le plus bas possible (vitrage conduisant le moins de chaleur possible), sans n\u00e9cessit\u00e9 d&rsquo;un contr\u00f4le solaire agressif.<\/li><li>Fa\u00e7ades expos\u00e9es \u00e0 l&rsquo;est et \u00e0 l&rsquo;ouest : un \u00e9quilibre entre les deux.<\/li><\/ul><p>Un autre effet de l&rsquo;orientation concerne la couleur du profil. Les profils de couleur fonc\u00e9e (gris anthracite, marron, noir) absorbent bien plus de rayonnement solaire que les profils blancs. Un profil blanc atteint environ 40\u201350\u00b0C lors des journ\u00e9es de forte chaleur. Un profil de couleur fonc\u00e9e sur une fa\u00e7ade expos\u00e9e au sud peut atteindre 70\u201380\u00b0C. \u00c0 ces temp\u00e9ratures, la dilatation thermique du profil en PVC devient consid\u00e9rable. Si la pose n&rsquo;est pas r\u00e9alis\u00e9e avec les tol\u00e9rances correctes et des points de fixation positionn\u00e9s de mani\u00e8re strat\u00e9gique, il peut en r\u00e9sulter une d\u00e9formation du profil, des difficult\u00e9s de fermeture ou une perte d&rsquo;\u00e9tanch\u00e9it\u00e9 dans le temps.<\/p><p>Il existe \u00e9galement une mesure compl\u00e9mentaire, ind\u00e9pendante de la pose : les syst\u00e8mes d&rsquo;occultation ext\u00e9rieurs. Les volets roulants ext\u00e9rieurs, les stores v\u00e9nitiens ou les auvents r\u00e9duisent la temp\u00e9rature que le profil atteint lors des journ\u00e9es de forte radiation solaire, de plus en plus fr\u00e9quentes en Europe ces derni\u00e8res ann\u00e9es, prot\u00e9geant \u00e0 la fois le profil et l&rsquo;int\u00e9rieur de l&rsquo;habitation contre la surchauffe.<\/p>\t\t\t\t\t\t<\/div>\n\t\t\t\t<\/div>\n\t\t\t\t<div class=\"elementor-element elementor-element-e6a33b7 elementor-widget elementor-widget-heading\" data-id=\"e6a33b7\" data-element_type=\"widget\" data-widget_type=\"heading.default\">\n\t\t\t\t<div class=\"elementor-widget-container\">\n\t\t\t<h2 class=\"elementor-heading-title elementor-size-default\">Zone climatique et isolation thermique (Uw)<\/h2>\t\t<\/div>\n\t\t\t\t<\/div>\n\t\t\t\t<div class=\"elementor-element elementor-element-1426fe8 elementor-widget elementor-widget-text-editor\" data-id=\"1426fe8\" data-element_type=\"widget\" data-widget_type=\"text-editor.default\">\n\t\t\t\t<div class=\"elementor-widget-container\">\n\t\t\t\t\t\t\t<p>Le param\u00e8tre central est le coefficient de transmission thermique Uw (U-fen\u00eatre), qui mesure la quantit\u00e9 d&rsquo;\u00e9nergie thermique que la fen\u00eatre perd par m\u00e8tre carr\u00e9 pour chaque degr\u00e9 de diff\u00e9rence de temp\u00e9rature entre l&rsquo;int\u00e9rieur et l&rsquo;ext\u00e9rieur. Plus la valeur Uw est basse, mieux la fen\u00eatre isole. L&rsquo;unit\u00e9 de mesure est le W\/m\u00b2K.<\/p><p>Pour comprendre concr\u00e8tement ce que signifient les diff\u00e9rentes valeurs :<\/p><ul><li>Uw ~ 1,3\u20131,6 W\/m\u00b2K \u2014 performances standard, adapt\u00e9es aux r\u00e9novations ou aux espaces commerciaux avec des exigences mod\u00e9r\u00e9es. Correspond g\u00e9n\u00e9ralement \u00e0 des profils de 60mm \u00e0 4 chambres avec double vitrage standard.<\/li><li>Uw ~ 1,0\u20131,3 W\/m\u00b2K \u2014 bonnes performances, adapt\u00e9es aux b\u00e2timents r\u00e9sidentiels standard dans des zones aux hivers doux.<\/li><li>Uw ~ 0,8\u20131,0 W\/m\u00b2K \u2014 hautes performances, recommand\u00e9es pour les constructions neuves dans des zones aux hivers rigoureux ou pour les propri\u00e9taires qui privil\u00e9gient l&rsquo;efficacit\u00e9 \u00e9nerg\u00e9tique.<\/li><li>Uw inf\u00e9rieur \u00e0 0,8 W\/m\u00b2K \u2014 le domaine des maisons \u00e0 haute efficacit\u00e9 \u00e9nerg\u00e9tique et des maisons passives. Les fen\u00eatres de la s\u00e9rie Softline 82 atteignent Uw = 0,67 W\/m\u00b2K, tandis que le Deceuninck 76 descend jusqu&rsquo;\u00e0 0,62 W\/m\u00b2K.<\/li><\/ul><p>Du point de vue de la zone climatique, la r\u00e8gle pratique est simple : plus les hivers sont longs et rigoureux dans votre r\u00e9gion, plus vite l&rsquo;investissement dans une fen\u00eatre en PVC avec un Uw plus bas se rentabilise gr\u00e2ce \u00e0 la r\u00e9duction des factures \u00e9nerg\u00e9tiques.<\/p>\t\t\t\t\t\t<\/div>\n\t\t\t\t<\/div>\n\t\t\t\t<div class=\"elementor-element elementor-element-e8d7b61 elementor-widget elementor-widget-heading\" data-id=\"e8d7b61\" data-element_type=\"widget\" data-widget_type=\"heading.default\">\n\t\t\t\t<div class=\"elementor-widget-container\">\n\t\t\t<h2 class=\"elementor-heading-title elementor-size-default\">Type de construction : maison neuve ou immeuble collectif<\/h2>\t\t<\/div>\n\t\t\t\t<\/div>\n\t\t\t\t<div class=\"elementor-element elementor-element-bc99577 elementor-widget elementor-widget-text-editor\" data-id=\"bc99577\" data-element_type=\"widget\" data-widget_type=\"text-editor.default\">\n\t\t\t\t<div class=\"elementor-widget-container\">\n\t\t\t\t\t\t\t<p>D\u00e9termine ce qui est techniquement possible :<\/p><ul><li>Construction neuve : libert\u00e9 totale \u2014 un profil haute performance est recommand\u00e9. Si vous construisez une nouvelle maison, il n&rsquo;y a aucune justification technique pour choisir un profil d&rsquo;entr\u00e9e de gamme ; la diff\u00e9rence de co\u00fbt par rapport \u00e0 une s\u00e9rie premium se rentabilise en quelques ann\u00e9es gr\u00e2ce aux \u00e9conomies d&rsquo;\u00e9nergie.<\/li><li>Appartement en immeuble collectif : contraintes li\u00e9es aux ouvertures existantes, \u00e0 la ma\u00e7onnerie et \u00e0 la pose ; impact acoustique limit\u00e9 par la structure.<\/li><li>B\u00e2timent ancien \/ class\u00e9 : il peut exister des restrictions architecturales ou patrimoniales limitant les modifications de fa\u00e7ade, y compris la couleur ou la forme du profil. \u00c0 v\u00e9rifier avant de commander.<\/li><li>Maison passive : exigences techniques strictes, souvent sp\u00e9cifi\u00e9es dans le projet. Un Uw inf\u00e9rieur \u00e0 0,8 W\/m\u00b2K devient obligatoire, le triple vitrage est la r\u00e8gle plut\u00f4t que l&rsquo;exception, et la pose doit \u00e9liminer compl\u00e8tement les ponts thermiques. Le profil choisi doit \u00eatre compatible avec des unit\u00e9s vitr\u00e9es \u00e9paisses \u2014 le triple vitrage haute performance peut d\u00e9passer 50mm d&rsquo;\u00e9paisseur totale, n\u00e9cessitant des profils avec une profondeur de construction d&rsquo;au moins 76\u201382mm.<\/li><\/ul>\t\t\t\t\t\t<\/div>\n\t\t\t\t<\/div>\n\t\t\t\t<div class=\"elementor-element elementor-element-6c7e1fa elementor-widget elementor-widget-heading\" data-id=\"6c7e1fa\" data-element_type=\"widget\" data-widget_type=\"heading.default\">\n\t\t\t\t<div class=\"elementor-widget-container\">\n\t\t\t<h2 class=\"elementor-heading-title elementor-size-default\">\u00c9tage, pression du vent et s\u00e9curit\u00e9 (Classes RC)<\/h2>\t\t<\/div>\n\t\t\t\t<\/div>\n\t\t\t\t<div class=\"elementor-element elementor-element-713800a elementor-widget elementor-widget-text-editor\" data-id=\"713800a\" data-element_type=\"widget\" data-widget_type=\"text-editor.default\">\n\t\t\t\t<div class=\"elementor-widget-container\">\n\t\t\t\t\t\t\t<p>La position de la fen\u00eatre dans le b\u00e2timent a deux implications directes : la pression du vent et le risque d&rsquo;effraction.<\/p><p>Aux \u00e9tages sup\u00e9rieurs, la pression du vent sur la fen\u00eatre est significativement plus \u00e9lev\u00e9e qu&rsquo;au rez-de-chauss\u00e9e. Cela signifie que les exigences en mati\u00e8re d&rsquo;\u00e9tanch\u00e9it\u00e9 et de rigidit\u00e9 structurelle du profil sont plus \u00e9lev\u00e9es \u2014 un profil de Classe A avec une paroi ext\u00e9rieure d&rsquo;au moins 3mm n&rsquo;est pas un accessoire optionnel, mais une n\u00e9cessit\u00e9 pour maintenir les performances \u00e0 long terme.<\/p><p>Au rez-de-chauss\u00e9e ou au premier \u00e9tage, le risque d&rsquo;effraction est la principale pr\u00e9occupation suppl\u00e9mentaire par rapport \u00e0 un \u00e9tage sup\u00e9rieur standard. La s\u00e9curit\u00e9 d&rsquo;une fen\u00eatre est assur\u00e9e par un syst\u00e8me int\u00e9gr\u00e9 \u2014 un profil rigide, une quincaillerie multipoints avec r\u00e9sistance \u00e0 l&rsquo;effraction certifi\u00e9e (classes RC d\u00e9finies par la norme europ\u00e9enne EN 1627) et, en option, un vitrage feuillet\u00e9 qui ne se brise pas \u00e0 l&rsquo;impact mais reste coh\u00e9sif, bloquant l&rsquo;acc\u00e8s.<\/p>\t\t\t\t\t\t<\/div>\n\t\t\t\t<\/div>\n\t\t\t\t<div class=\"elementor-element elementor-element-1596fa8 elementor-widget elementor-widget-heading\" data-id=\"1596fa8\" data-element_type=\"widget\" data-widget_type=\"heading.default\">\n\t\t\t\t<div class=\"elementor-widget-container\">\n\t\t\t<h2 class=\"elementor-heading-title elementor-size-default\">Niveau sonore : quand l'isolation acoustique devient une priorit\u00e9<\/h2>\t\t<\/div>\n\t\t\t\t<\/div>\n\t\t\t\t<div class=\"elementor-element elementor-element-7f82e2d elementor-widget elementor-widget-text-editor\" data-id=\"7f82e2d\" data-element_type=\"widget\" data-widget_type=\"text-editor.default\">\n\t\t\t\t<div class=\"elementor-widget-container\">\n\t\t\t\t\t\t\t<p>Les performances acoustiques d&rsquo;une fen\u00eatre se mesurent en d\u00e9cibels d&rsquo;att\u00e9nuation (Rw) et d\u00e9pendent, comme pour l&rsquo;isolation thermique, de l&rsquo;ensemble du syst\u00e8me, et non d&rsquo;un seul \u00e9l\u00e9ment.<\/p><p>Quelques rep\u00e8res pratiques :<\/p><ul><li>Zone r\u00e9sidentielle calme : le double vitrage standard fournit une att\u00e9nuation suffisante (30\u201333 dB).<\/li><li>Rue urbaine \u00e0 trafic mod\u00e9r\u00e9 : une fen\u00eatre avec un profil profond et un double vitrage acoustique (vitres asym\u00e9triques d&rsquo;\u00e9paisseurs diff\u00e9rentes) peut atteindre 37\u201340 dB.<\/li><li>Route nationale, boulevard fr\u00e9quent\u00e9 : une configuration d\u00e9di\u00e9e est n\u00e9cessaire (profil \u00e0 6\u20137 chambres, triple vitrage ou double vitrage acoustique avec vitres asym\u00e9triques). Un assemblage bien choisi peut r\u00e9duire le bruit ext\u00e9rieur de 40\u201345 dB.<\/li><\/ul><p>Un aspect physique important : le triple vitrage offre environ 20\u201330 % d&rsquo;att\u00e9nuation acoustique suppl\u00e9mentaire par rapport au double vitrage standard, mais les performances acoustiques maximales ne d\u00e9coulent pas automatiquement du nombre de vitres, elles proviennent de la configuration asym\u00e9trique des \u00e9paisseurs, qui perturbe la r\u00e9sonance acoustique.<\/p>\t\t\t\t\t\t<\/div>\n\t\t\t\t<\/div>\n\t\t\t\t<div class=\"elementor-element elementor-element-63ab8af elementor-widget elementor-widget-heading\" data-id=\"63ab8af\" data-element_type=\"widget\" data-widget_type=\"heading.default\">\n\t\t\t\t<div class=\"elementor-widget-container\">\n\t\t\t<h2 class=\"elementor-heading-title elementor-size-default\">Conclusion : Il n'existe pas la \u00ab meilleure fen\u00eatre \u00bb  il n'existe que celle qui vous convient<\/h2>\t\t<\/div>\n\t\t\t\t<\/div>\n\t\t\t\t<div class=\"elementor-element elementor-element-982a359 elementor-widget elementor-widget-text-editor\" data-id=\"982a359\" data-element_type=\"widget\" data-widget_type=\"text-editor.default\">\n\t\t\t\t<div class=\"elementor-widget-container\">\n\t\t\t\t\t\t\t<p>Choisir des menuiseries en PVC est un puzzle technique. Comme vous l&rsquo;avez vu, un excellent profil peut \u00e9chouer si le vitrage n&rsquo;est pas adapt\u00e9 \u00e0 la fa\u00e7ade, ou si la pose ignore la dilatation thermique. Le secret d&rsquo;un investissement rentable sur 30 ans r\u00e9side dans l&rsquo;\u00e9quilibre entre ces composants.<\/p><p>Pr\u00eat \u00e0 faire le bon choix pour votre maison ? Ne laissez pas la configuration de vos fen\u00eatres au hasard. Un devis sans analyse de votre situation n&rsquo;est rien d&rsquo;autre qu&rsquo;une liste de chiffres.<\/p><p>Nos sp\u00e9cialistes vous aideront \u00e0 configurer le syst\u00e8me de fen\u00eatres en PVC parfait, adapt\u00e9 \u00e0 votre zone climatique et aux besoins d&rsquo;isolation de votre famille.<\/p>\t\t\t\t\t\t<\/div>\n\t\t\t\t<\/div>\n\t\t\t\t<div class=\"elementor-element elementor-element-c028b37 elementor-align-left elementor-widget elementor-widget-button\" data-id=\"c028b37\" data-element_type=\"widget\" data-widget_type=\"button.default\">\n\t\t\t\t<div class=\"elementor-widget-container\">\n\t\t\t\t\t<div class=\"elementor-button-wrapper\">\n\t\t\t<a href=\"https:\/\/aplast.ro\/fr\/contact\" class=\"elementor-button-link elementor-button elementor-size-md\" role=\"button\" id=\"btn-cerere-oferta-intro\">\n\t\t\t\t\t\t<span class=\"elementor-button-content-wrapper\">\n\t\t\t\t\t\t\t<span class=\"elementor-button-icon elementor-align-icon-right\">\n\t\t\t\t<i aria-hidden=\"true\" class=\"fas fa-arrow-right\"><\/i>\t\t\t<\/span>\n\t\t\t\t\t\t<span class=\"elementor-button-text\">Demandez un devis<\/span>\n\t\t<\/span>\n\t\t\t\t\t<\/a>\n\t\t<\/div>\n\t\t\t\t<\/div>\n\t\t\t\t<\/div>\n\t\t\t\t<\/div>\n\t\t<div class=\"elementor-element elementor-element-6eba2a4 e-con-full e-flex e-con\" data-id=\"6eba2a4\" data-element_type=\"container\" data-settings=\"{&quot;content_width&quot;:&quot;full&quot;}\">\n\t\t\t\t<\/div>\n\t\t\t\t\t<\/div>\n\t\t\t\t<\/div>\n\t\t\t\t\t\t\t<\/div>\n\t\t","protected":false},"excerpt":{"rendered":"<p>Guide : Comment choisir les bonnes fen\u00eatres en PVC pour votre maison en fonction de la fa\u00e7ade et de l&#8217;emplacement Les fen\u00eatres font partie des rares d\u00e9cisions que l&rsquo;on ne prend qu&rsquo;une seule fois pour une maison. Avec une dur\u00e9e de vie sup\u00e9rieure \u00e0 30 ans, faire le bon choix est essentiel pour le confort [&hellip;]<\/p>\n","protected":false},"author":3,"featured_media":9138,"comment_status":"closed","ping_status":"closed","sticky":false,"template":"elementor_header_footer","format":"standard","meta":{"footnotes":""},"categories":[171],"tags":[167,168,169],"yoast_head":"<!-- This site is optimized with the Yoast SEO plugin v19.9 - https:\/\/yoast.com\/wordpress\/plugins\/seo\/ -->\n<title>Guide : Comment choisir les bonnes fen\u00eatres en PVC pour votre maison en fonction de la fa\u00e7ade et de l&#039;emplacement | Aplast<\/title>\n<meta name=\"description\" content=\"N&#039;achetez pas de fen\u00eatres en PVC avant de lire ce guide ! D\u00e9couvrez comment choisir les bonnes unit\u00e9s de vitrage isolant en fonction de l&#039;orientation de la fa\u00e7ade, de l&#039;\u00e9tage et de la zone climatique pour un confort maximal pendant 30 ans.\" \/>\n<meta name=\"robots\" content=\"index, follow, max-snippet:-1, max-image-preview:large, max-video-preview:-1\" \/>\n<link rel=\"canonical\" href=\"https:\/\/aplast.ro\/fr\/guide-comment-choisir-les-bonnes-fenetres-en-pvc-pour-votre-maison-en-fonction-de-la-facade-et-de-lemplacement\/\" \/>\n<meta property=\"og:locale\" content=\"fr_FR\" \/>\n<meta property=\"og:type\" content=\"article\" \/>\n<meta property=\"og:title\" content=\"Guide : Comment choisir les bonnes fen\u00eatres en PVC pour votre maison en fonction de la fa\u00e7ade et de l&#039;emplacement | Aplast\" \/>\n<meta property=\"og:description\" content=\"N&#039;achetez pas de fen\u00eatres en PVC avant de lire ce guide ! D\u00e9couvrez comment choisir les bonnes unit\u00e9s de vitrage isolant en fonction de l&#039;orientation de la fa\u00e7ade, de l&#039;\u00e9tage et de la zone climatique pour un confort maximal pendant 30 ans.\" \/>\n<meta property=\"og:url\" content=\"https:\/\/aplast.ro\/fr\/guide-comment-choisir-les-bonnes-fenetres-en-pvc-pour-votre-maison-en-fonction-de-la-facade-et-de-lemplacement\/\" \/>\n<meta property=\"og:site_name\" content=\"Aplast\" \/>\n<meta property=\"article:published_time\" content=\"2026-04-28T09:39:06+00:00\" \/>\n<meta property=\"article:modified_time\" content=\"2026-04-28T10:03:04+00:00\" \/>\n<meta property=\"og:image\" content=\"https:\/\/aplast.ro\/wp-content\/uploads\/2026\/04\/casa-sustenabila-cu-ferestre-pvc-termopan-aplast.webp\" \/>\n\t<meta property=\"og:image:width\" content=\"1376\" \/>\n\t<meta property=\"og:image:height\" content=\"768\" \/>\n\t<meta property=\"og:image:type\" content=\"image\/webp\" \/>\n<meta name=\"author\" content=\"Aplast\" \/>\n<meta name=\"twitter:card\" content=\"summary_large_image\" \/>\n<meta name=\"twitter:label1\" content=\"\u00c9crit par\" \/>\n\t<meta name=\"twitter:data1\" content=\"Aplast\" \/>\n\t<meta name=\"twitter:label2\" content=\"Dur\u00e9e de lecture estim\u00e9e\" \/>\n\t<meta name=\"twitter:data2\" content=\"10 minutes\" \/>\n<script type=\"application\/ld+json\" class=\"yoast-schema-graph\">{\"@context\":\"https:\/\/schema.org\",\"@graph\":[{\"@type\":\"Article\",\"@id\":\"https:\/\/aplast.ro\/fr\/guide-comment-choisir-les-bonnes-fenetres-en-pvc-pour-votre-maison-en-fonction-de-la-facade-et-de-lemplacement\/#article\",\"isPartOf\":{\"@id\":\"https:\/\/aplast.ro\/fr\/guide-comment-choisir-les-bonnes-fenetres-en-pvc-pour-votre-maison-en-fonction-de-la-facade-et-de-lemplacement\/\"},\"author\":{\"name\":\"Aplast\",\"@id\":\"https:\/\/aplast.ro\/#\/schema\/person\/9ba9e9ab61fc1c3060d4b12e70c23d34\"},\"headline\":\"Guide : Comment choisir les bonnes fen\u00eatres en PVC pour votre maison en fonction de la fa\u00e7ade et de l&#8217;emplacement\",\"datePublished\":\"2026-04-28T09:39:06+00:00\",\"dateModified\":\"2026-04-28T10:03:04+00:00\",\"mainEntityOfPage\":{\"@id\":\"https:\/\/aplast.ro\/fr\/guide-comment-choisir-les-bonnes-fenetres-en-pvc-pour-votre-maison-en-fonction-de-la-facade-et-de-lemplacement\/\"},\"wordCount\":1939,\"publisher\":{\"@id\":\"https:\/\/aplast.ro\/#organization\"},\"keywords\":[\"fen\u00eatres PVC\",\"menuiseries PVC\",\"vitrage isolant\"],\"articleSection\":[\"Guide Fen\u00eatres PVC\"],\"inLanguage\":\"fr-FR\"},{\"@type\":\"WebPage\",\"@id\":\"https:\/\/aplast.ro\/fr\/guide-comment-choisir-les-bonnes-fenetres-en-pvc-pour-votre-maison-en-fonction-de-la-facade-et-de-lemplacement\/\",\"url\":\"https:\/\/aplast.ro\/fr\/guide-comment-choisir-les-bonnes-fenetres-en-pvc-pour-votre-maison-en-fonction-de-la-facade-et-de-lemplacement\/\",\"name\":\"Guide : Comment choisir les bonnes fen\u00eatres en PVC pour votre maison en fonction de la fa\u00e7ade et de l'emplacement | Aplast\",\"isPartOf\":{\"@id\":\"https:\/\/aplast.ro\/#website\"},\"datePublished\":\"2026-04-28T09:39:06+00:00\",\"dateModified\":\"2026-04-28T10:03:04+00:00\",\"description\":\"N'achetez pas de fen\u00eatres en PVC avant de lire ce guide ! D\u00e9couvrez comment choisir les bonnes unit\u00e9s de vitrage isolant en fonction de l'orientation de la fa\u00e7ade, de l'\u00e9tage et de la zone climatique pour un confort maximal pendant 30 ans.\",\"breadcrumb\":{\"@id\":\"https:\/\/aplast.ro\/fr\/guide-comment-choisir-les-bonnes-fenetres-en-pvc-pour-votre-maison-en-fonction-de-la-facade-et-de-lemplacement\/#breadcrumb\"},\"inLanguage\":\"fr-FR\",\"potentialAction\":[{\"@type\":\"ReadAction\",\"target\":[\"https:\/\/aplast.ro\/fr\/guide-comment-choisir-les-bonnes-fenetres-en-pvc-pour-votre-maison-en-fonction-de-la-facade-et-de-lemplacement\/\"]}]},{\"@type\":\"BreadcrumbList\",\"@id\":\"https:\/\/aplast.ro\/fr\/guide-comment-choisir-les-bonnes-fenetres-en-pvc-pour-votre-maison-en-fonction-de-la-facade-et-de-lemplacement\/#breadcrumb\",\"itemListElement\":[{\"@type\":\"ListItem\",\"position\":1,\"name\":\"Home\",\"item\":\"https:\/\/aplast.ro\/fr\/\"},{\"@type\":\"ListItem\",\"position\":2,\"name\":\"Ghid Ferestre PVC\",\"item\":\"https:\/\/aplast.ro\/category\/ghid-ferestre-pvc\/\"},{\"@type\":\"ListItem\",\"position\":3,\"name\":\"Guide : Comment choisir les bonnes fen\u00eatres en PVC pour votre maison en fonction de la fa\u00e7ade et de l&#8217;emplacement\"}]},{\"@type\":\"WebSite\",\"@id\":\"https:\/\/aplast.ro\/#website\",\"url\":\"https:\/\/aplast.ro\/\",\"name\":\"Aplast\",\"description\":\"Ferestre \u0219i U\u0219i PVC &amp; Termopan\",\"publisher\":{\"@id\":\"https:\/\/aplast.ro\/#organization\"},\"potentialAction\":[{\"@type\":\"SearchAction\",\"target\":{\"@type\":\"EntryPoint\",\"urlTemplate\":\"https:\/\/aplast.ro\/?s={search_term_string}\"},\"query-input\":\"required name=search_term_string\"}],\"inLanguage\":\"fr-FR\"},{\"@type\":\"Organization\",\"@id\":\"https:\/\/aplast.ro\/#organization\",\"name\":\"Aplast\",\"url\":\"https:\/\/aplast.ro\/\",\"logo\":{\"@type\":\"ImageObject\",\"inLanguage\":\"fr-FR\",\"@id\":\"https:\/\/aplast.ro\/#\/schema\/logo\/image\/\",\"url\":\"https:\/\/aplast.ro\/wp-content\/uploads\/2023\/08\/logo-aplast.png\",\"contentUrl\":\"https:\/\/aplast.ro\/wp-content\/uploads\/2023\/08\/logo-aplast.png\",\"width\":213,\"height\":100,\"caption\":\"Aplast\"},\"image\":{\"@id\":\"https:\/\/aplast.ro\/#\/schema\/logo\/image\/\"}},{\"@type\":\"Person\",\"@id\":\"https:\/\/aplast.ro\/#\/schema\/person\/9ba9e9ab61fc1c3060d4b12e70c23d34\",\"name\":\"Aplast\",\"image\":{\"@type\":\"ImageObject\",\"inLanguage\":\"fr-FR\",\"@id\":\"https:\/\/aplast.ro\/#\/schema\/person\/image\/\",\"url\":\"https:\/\/secure.gravatar.com\/avatar\/8e74611cac5a3a58b2d6d4d94a53ed67?s=96&d=mm&r=g\",\"contentUrl\":\"https:\/\/secure.gravatar.com\/avatar\/8e74611cac5a3a58b2d6d4d94a53ed67?s=96&d=mm&r=g\",\"caption\":\"Aplast\"},\"url\":\"https:\/\/aplast.ro\/fr\/author\/aplast\/\"}]}<\/script>\n<!-- \/ Yoast SEO plugin. -->","yoast_head_json":{"title":"Guide : Comment choisir les bonnes fen\u00eatres en PVC pour votre maison en fonction de la fa\u00e7ade et de l'emplacement | Aplast","description":"N'achetez pas de fen\u00eatres en PVC avant de lire ce guide ! D\u00e9couvrez comment choisir les bonnes unit\u00e9s de vitrage isolant en fonction de l'orientation de la fa\u00e7ade, de l'\u00e9tage et de la zone climatique pour un confort maximal pendant 30 ans.","robots":{"index":"index","follow":"follow","max-snippet":"max-snippet:-1","max-image-preview":"max-image-preview:large","max-video-preview":"max-video-preview:-1"},"canonical":"https:\/\/aplast.ro\/fr\/guide-comment-choisir-les-bonnes-fenetres-en-pvc-pour-votre-maison-en-fonction-de-la-facade-et-de-lemplacement\/","og_locale":"fr_FR","og_type":"article","og_title":"Guide : Comment choisir les bonnes fen\u00eatres en PVC pour votre maison en fonction de la fa\u00e7ade et de l'emplacement | Aplast","og_description":"N'achetez pas de fen\u00eatres en PVC avant de lire ce guide ! D\u00e9couvrez comment choisir les bonnes unit\u00e9s de vitrage isolant en fonction de l'orientation de la fa\u00e7ade, de l'\u00e9tage et de la zone climatique pour un confort maximal pendant 30 ans.","og_url":"https:\/\/aplast.ro\/fr\/guide-comment-choisir-les-bonnes-fenetres-en-pvc-pour-votre-maison-en-fonction-de-la-facade-et-de-lemplacement\/","og_site_name":"Aplast","article_published_time":"2026-04-28T09:39:06+00:00","article_modified_time":"2026-04-28T10:03:04+00:00","og_image":[{"width":1376,"height":768,"url":"https:\/\/aplast.ro\/wp-content\/uploads\/2026\/04\/casa-sustenabila-cu-ferestre-pvc-termopan-aplast.webp","type":"image\/webp"}],"author":"Aplast","twitter_card":"summary_large_image","twitter_misc":{"\u00c9crit par":"Aplast","Dur\u00e9e de lecture estim\u00e9e":"10 minutes"},"schema":{"@context":"https:\/\/schema.org","@graph":[{"@type":"Article","@id":"https:\/\/aplast.ro\/fr\/guide-comment-choisir-les-bonnes-fenetres-en-pvc-pour-votre-maison-en-fonction-de-la-facade-et-de-lemplacement\/#article","isPartOf":{"@id":"https:\/\/aplast.ro\/fr\/guide-comment-choisir-les-bonnes-fenetres-en-pvc-pour-votre-maison-en-fonction-de-la-facade-et-de-lemplacement\/"},"author":{"name":"Aplast","@id":"https:\/\/aplast.ro\/#\/schema\/person\/9ba9e9ab61fc1c3060d4b12e70c23d34"},"headline":"Guide : Comment choisir les bonnes fen\u00eatres en PVC pour votre maison en fonction de la fa\u00e7ade et de l&#8217;emplacement","datePublished":"2026-04-28T09:39:06+00:00","dateModified":"2026-04-28T10:03:04+00:00","mainEntityOfPage":{"@id":"https:\/\/aplast.ro\/fr\/guide-comment-choisir-les-bonnes-fenetres-en-pvc-pour-votre-maison-en-fonction-de-la-facade-et-de-lemplacement\/"},"wordCount":1939,"publisher":{"@id":"https:\/\/aplast.ro\/#organization"},"keywords":["fen\u00eatres PVC","menuiseries PVC","vitrage isolant"],"articleSection":["Guide Fen\u00eatres PVC"],"inLanguage":"fr-FR"},{"@type":"WebPage","@id":"https:\/\/aplast.ro\/fr\/guide-comment-choisir-les-bonnes-fenetres-en-pvc-pour-votre-maison-en-fonction-de-la-facade-et-de-lemplacement\/","url":"https:\/\/aplast.ro\/fr\/guide-comment-choisir-les-bonnes-fenetres-en-pvc-pour-votre-maison-en-fonction-de-la-facade-et-de-lemplacement\/","name":"Guide : Comment choisir les bonnes fen\u00eatres en PVC pour votre maison en fonction de la fa\u00e7ade et de l'emplacement | Aplast","isPartOf":{"@id":"https:\/\/aplast.ro\/#website"},"datePublished":"2026-04-28T09:39:06+00:00","dateModified":"2026-04-28T10:03:04+00:00","description":"N'achetez pas de fen\u00eatres en PVC avant de lire ce guide ! D\u00e9couvrez comment choisir les bonnes unit\u00e9s de vitrage isolant en fonction de l'orientation de la fa\u00e7ade, de l'\u00e9tage et de la zone climatique pour un confort maximal pendant 30 ans.","breadcrumb":{"@id":"https:\/\/aplast.ro\/fr\/guide-comment-choisir-les-bonnes-fenetres-en-pvc-pour-votre-maison-en-fonction-de-la-facade-et-de-lemplacement\/#breadcrumb"},"inLanguage":"fr-FR","potentialAction":[{"@type":"ReadAction","target":["https:\/\/aplast.ro\/fr\/guide-comment-choisir-les-bonnes-fenetres-en-pvc-pour-votre-maison-en-fonction-de-la-facade-et-de-lemplacement\/"]}]},{"@type":"BreadcrumbList","@id":"https:\/\/aplast.ro\/fr\/guide-comment-choisir-les-bonnes-fenetres-en-pvc-pour-votre-maison-en-fonction-de-la-facade-et-de-lemplacement\/#breadcrumb","itemListElement":[{"@type":"ListItem","position":1,"name":"Home","item":"https:\/\/aplast.ro\/fr\/"},{"@type":"ListItem","position":2,"name":"Ghid Ferestre PVC","item":"https:\/\/aplast.ro\/category\/ghid-ferestre-pvc\/"},{"@type":"ListItem","position":3,"name":"Guide : Comment choisir les bonnes fen\u00eatres en PVC pour votre maison en fonction de la fa\u00e7ade et de l&#8217;emplacement"}]},{"@type":"WebSite","@id":"https:\/\/aplast.ro\/#website","url":"https:\/\/aplast.ro\/","name":"Aplast","description":"Ferestre \u0219i U\u0219i PVC &amp; Termopan","publisher":{"@id":"https:\/\/aplast.ro\/#organization"},"potentialAction":[{"@type":"SearchAction","target":{"@type":"EntryPoint","urlTemplate":"https:\/\/aplast.ro\/?s={search_term_string}"},"query-input":"required name=search_term_string"}],"inLanguage":"fr-FR"},{"@type":"Organization","@id":"https:\/\/aplast.ro\/#organization","name":"Aplast","url":"https:\/\/aplast.ro\/","logo":{"@type":"ImageObject","inLanguage":"fr-FR","@id":"https:\/\/aplast.ro\/#\/schema\/logo\/image\/","url":"https:\/\/aplast.ro\/wp-content\/uploads\/2023\/08\/logo-aplast.png","contentUrl":"https:\/\/aplast.ro\/wp-content\/uploads\/2023\/08\/logo-aplast.png","width":213,"height":100,"caption":"Aplast"},"image":{"@id":"https:\/\/aplast.ro\/#\/schema\/logo\/image\/"}},{"@type":"Person","@id":"https:\/\/aplast.ro\/#\/schema\/person\/9ba9e9ab61fc1c3060d4b12e70c23d34","name":"Aplast","image":{"@type":"ImageObject","inLanguage":"fr-FR","@id":"https:\/\/aplast.ro\/#\/schema\/person\/image\/","url":"https:\/\/secure.gravatar.com\/avatar\/8e74611cac5a3a58b2d6d4d94a53ed67?s=96&d=mm&r=g","contentUrl":"https:\/\/secure.gravatar.com\/avatar\/8e74611cac5a3a58b2d6d4d94a53ed67?s=96&d=mm&r=g","caption":"Aplast"},"url":"https:\/\/aplast.ro\/fr\/author\/aplast\/"}]}},"_links":{"self":[{"href":"https:\/\/aplast.ro\/fr\/wp-json\/wp\/v2\/posts\/9206"}],"collection":[{"href":"https:\/\/aplast.ro\/fr\/wp-json\/wp\/v2\/posts"}],"about":[{"href":"https:\/\/aplast.ro\/fr\/wp-json\/wp\/v2\/types\/post"}],"author":[{"embeddable":true,"href":"https:\/\/aplast.ro\/fr\/wp-json\/wp\/v2\/users\/3"}],"replies":[{"embeddable":true,"href":"https:\/\/aplast.ro\/fr\/wp-json\/wp\/v2\/comments?post=9206"}],"version-history":[{"count":5,"href":"https:\/\/aplast.ro\/fr\/wp-json\/wp\/v2\/posts\/9206\/revisions"}],"predecessor-version":[{"id":9216,"href":"https:\/\/aplast.ro\/fr\/wp-json\/wp\/v2\/posts\/9206\/revisions\/9216"}],"wp:featuredmedia":[{"embeddable":true,"href":"https:\/\/aplast.ro\/fr\/wp-json\/wp\/v2\/media\/9138"}],"wp:attachment":[{"href":"https:\/\/aplast.ro\/fr\/wp-json\/wp\/v2\/media?parent=9206"}],"wp:term":[{"taxonomy":"category","embeddable":true,"href":"https:\/\/aplast.ro\/fr\/wp-json\/wp\/v2\/categories?post=9206"},{"taxonomy":"post_tag","embeddable":true,"href":"https:\/\/aplast.ro\/fr\/wp-json\/wp\/v2\/tags?post=9206"}],"curies":[{"name":"wp","href":"https:\/\/api.w.org\/{rel}","templated":true}]}}