{"id":9223,"date":"2026-04-28T15:38:12","date_gmt":"2026-04-28T12:38:12","guid":{"rendered":"https:\/\/aplast.ro\/?p=9223"},"modified":"2026-04-28T15:43:33","modified_gmt":"2026-04-28T12:43:33","slug":"leitfaden-wie-sie-die-richtigen-pvc-fenster-fuer-ihr-zuhause-basierend-auf-fassade-und-lage-auswaehlen","status":"publish","type":"post","link":"https:\/\/aplast.ro\/de\/leitfaden-wie-sie-die-richtigen-pvc-fenster-fuer-ihr-zuhause-basierend-auf-fassade-und-lage-auswaehlen\/","title":{"rendered":"Leitfaden: Wie Sie die richtigen PVC-Fenster f\u00fcr Ihr Zuhause basierend auf Fassade und Lage ausw\u00e4hlen"},"content":{"rendered":"\t\t<div data-elementor-type=\"wp-post\" data-elementor-id=\"9223\" class=\"elementor elementor-9223\">\n\t\t\t\t\t\t\t<div class=\"elementor-element elementor-element-45c080c e-con-boxed e-flex e-con\" data-id=\"45c080c\" data-element_type=\"container\" data-settings=\"{&quot;content_width&quot;:&quot;boxed&quot;}\">\n\t\t\t\t\t<div class=\"e-con-inner\">\n\t\t<div class=\"elementor-element elementor-element-15a1868 e-con-full e-flex e-con\" data-id=\"15a1868\" data-element_type=\"container\" data-settings=\"{&quot;content_width&quot;:&quot;full&quot;}\">\n\t\t\t\t<div class=\"elementor-element elementor-element-7233108 elementor-widget elementor-widget-image\" data-id=\"7233108\" data-element_type=\"widget\" data-widget_type=\"image.default\">\n\t\t\t\t<div class=\"elementor-widget-container\">\n\t\t\t<style>\/*! elementor - v3.13.2 - 11-05-2023 *\/\n.elementor-widget-image{text-align:center}.elementor-widget-image a{display:inline-block}.elementor-widget-image a img[src$=\".svg\"]{width:48px}.elementor-widget-image img{vertical-align:middle;display:inline-block}<\/style>\t\t\t\t\t\t\t\t\t\t\t\t<img decoding=\"async\" loading=\"lazy\" width=\"1024\" height=\"572\" src=\"https:\/\/aplast.ro\/wp-content\/uploads\/2026\/04\/casa-sustenabila-cu-ferestre-pvc-termopan-aplast-1024x572.webp\" class=\"attachment-large size-large wp-image-9136\" alt=\"Casa sustenabila cu ferestre pvc termopan Aplast\" srcset=\"https:\/\/aplast.ro\/wp-content\/uploads\/2026\/04\/casa-sustenabila-cu-ferestre-pvc-termopan-aplast-1024x572.webp 1024w, https:\/\/aplast.ro\/wp-content\/uploads\/2026\/04\/casa-sustenabila-cu-ferestre-pvc-termopan-aplast-300x167.webp 300w, https:\/\/aplast.ro\/wp-content\/uploads\/2026\/04\/casa-sustenabila-cu-ferestre-pvc-termopan-aplast-768x429.webp 768w, https:\/\/aplast.ro\/wp-content\/uploads\/2026\/04\/casa-sustenabila-cu-ferestre-pvc-termopan-aplast-1200x670.webp 1200w, https:\/\/aplast.ro\/wp-content\/uploads\/2026\/04\/casa-sustenabila-cu-ferestre-pvc-termopan-aplast.webp 1376w\" sizes=\"(max-width: 1024px) 100vw, 1024px\" \/>\t\t\t\t\t\t\t\t\t\t\t\t\t\t\t<\/div>\n\t\t\t\t<\/div>\n\t\t\t\t<div class=\"elementor-element elementor-element-4d466c1 elementor-widget elementor-widget-heading\" data-id=\"4d466c1\" data-element_type=\"widget\" data-widget_type=\"heading.default\">\n\t\t\t\t<div class=\"elementor-widget-container\">\n\t\t\t<style>\/*! elementor - v3.13.2 - 11-05-2023 *\/\n.elementor-heading-title{padding:0;margin:0;line-height:1}.elementor-widget-heading .elementor-heading-title[class*=elementor-size-]>a{color:inherit;font-size:inherit;line-height:inherit}.elementor-widget-heading .elementor-heading-title.elementor-size-small{font-size:15px}.elementor-widget-heading .elementor-heading-title.elementor-size-medium{font-size:19px}.elementor-widget-heading .elementor-heading-title.elementor-size-large{font-size:29px}.elementor-widget-heading .elementor-heading-title.elementor-size-xl{font-size:39px}.elementor-widget-heading .elementor-heading-title.elementor-size-xxl{font-size:59px}<\/style><h1 class=\"elementor-heading-title elementor-size-xl\">Leitfaden: Wie Sie die richtigen PVC-Fenster f\u00fcr Ihr Zuhause basierend auf Fassade und Lage ausw\u00e4hlen<\/h1>\t\t<\/div>\n\t\t\t\t<\/div>\n\t\t\t\t<div class=\"elementor-element elementor-element-76b6286 elementor-widget elementor-widget-text-editor\" data-id=\"76b6286\" data-element_type=\"widget\" data-widget_type=\"text-editor.default\">\n\t\t\t\t<div class=\"elementor-widget-container\">\n\t\t\t<style>\/*! elementor - v3.13.2 - 11-05-2023 *\/\n.elementor-widget-text-editor.elementor-drop-cap-view-stacked .elementor-drop-cap{background-color:#69727d;color:#fff}.elementor-widget-text-editor.elementor-drop-cap-view-framed .elementor-drop-cap{color:#69727d;border:3px solid;background-color:transparent}.elementor-widget-text-editor:not(.elementor-drop-cap-view-default) .elementor-drop-cap{margin-top:8px}.elementor-widget-text-editor:not(.elementor-drop-cap-view-default) .elementor-drop-cap-letter{width:1em;height:1em}.elementor-widget-text-editor .elementor-drop-cap{float:left;text-align:center;line-height:1;font-size:50px}.elementor-widget-text-editor .elementor-drop-cap-letter{display:inline-block}<\/style>\t\t\t\t<p>Fenster geh\u00f6ren zu den wenigen Entscheidungen, die man f\u00fcr ein Haus nur einmal trifft. Mit einer Lebensdauer von \u00fcber 30 Jahren ist die richtige Wahl entscheidend f\u00fcr den langfristigen Komfort und die Effizienz Ihres Zuhauses.<\/p><p>Ein gut gew\u00e4hltes und fachgerecht eingebautes Fenster tr\u00e4gt direkt zur Senkung der Energiekosten bei, eliminiert das Kondensationsrisiko, d\u00e4mpft Au\u00dfenger\u00e4usche und bietet ein hohes Ma\u00df an Sicherheit gegen Einbruchversuche. Im Gegensatz dazu kann eine Entscheidung, die ausschlie\u00dflich auf dem niedrigsten Preis basiert, im Laufe der Zeit zahlreiche Unannehmlichkeiten verursachen: h\u00e4ufige Nachstellungen, thermischen und akustischen Komfortverlust oder unzureichende Leistung f\u00fcr die tats\u00e4chlichen Umgebungsbedingungen, in denen sich das Geb\u00e4ude befindet.<\/p>\t\t\t\t\t\t<\/div>\n\t\t\t\t<\/div>\n\t\t\t\t<div class=\"elementor-element elementor-element-4eaad44 elementor-widget elementor-widget-heading\" data-id=\"4eaad44\" data-element_type=\"widget\" data-widget_type=\"heading.default\">\n\t\t\t\t<div class=\"elementor-widget-container\">\n\t\t\t<h2 class=\"elementor-heading-title elementor-size-default\">Ein Fenster ist ein System. Dies ist wahrscheinlich das Wichtigste, was man verstehen muss, bevor man den ersten Katalog \u00f6ffnet oder das erste Angebot anfordert.<\/h2>\t\t<\/div>\n\t\t\t\t<\/div>\n\t\t\t\t<div class=\"elementor-element elementor-element-caff852 elementor-widget elementor-widget-text-editor\" data-id=\"caff852\" data-element_type=\"widget\" data-widget_type=\"text-editor.default\">\n\t\t\t\t<div class=\"elementor-widget-container\">\n\t\t\t\t\t\t\t<p>Ein PVC-Fenster besteht aus vier Komponenten, die zusammenwirken m\u00fcssen: dem Profil (dem PVC-Rahmen), der Verglasung (Doppel- oder Dreifachverglasung), dem Beschlag (den \u00d6ffnungs- und Schlie\u00dfmechanismen) und dem Einbau. Jede dieser Komponenten tr\u00e4gt zur Gesamtleistung bei.<\/p><p>Allein der Einbau hat einen Einfluss von bis zu 50 % auf die endg\u00fcltigen D\u00e4mm- und Leistungseigenschaften eines Fensters. Ein hochwertiges Fenster, das nachl\u00e4ssig eingebaut wird, wird innerhalb weniger Jahre zu einem mittelm\u00e4\u00dfigen Fenster mit Kondensation, Zugluft und Schlie\u00dfproblemen. Umgekehrt kann ein tadelloser Einbau die Leistung eines technisch schwachen Systems nicht ausgleichen.<\/p><p>Dasselbe Prinzip gilt innerhalb des Fensters selbst: Die Leistung eines Systems wird durch seine schw\u00e4chste Komponente bestimmt. Ein 7-Kammer-Profil in Kombination mit einer Standard-Doppelverglasung ergibt eine unausgewogene Baugruppe \u2014 das Profil kann sein Potenzial nicht aussch\u00f6pfen, und das Ergebnis ist gemessen am Investitionsaufwand bescheiden. Eine Dreifachverglasung (die etwa 50 % mehr wiegt als eine Standard-Doppelverglasung \u2014 rund 30 kg\/m\u00b2 gegen\u00fcber 20 kg\/m\u00b2), die auf einem 3\u20134-Kammer-Profil eingebaut wird, belastet den Beschlag \u00fcberm\u00e4\u00dfig, was dazu f\u00fchrt, dass das Fenster durchh\u00e4ngt, aus der Ausrichtung ger\u00e4t und h\u00e4ufige Wartungseingriffe erforderlich werden.<\/p><p>Diese Systemlogik zu verstehen ist das, was einen guten Kauf von einem Kauf unterscheidet, der auf dem Papier gut aussieht, in der Praxis aber entt\u00e4uscht.<\/p><p>Die meisten Menschen beginnen den Kaufprozess mit der falschen Frage: <em>\u201eWelche Fenster sind gut?&#8220;<\/em> Die richtige Frage ist eine andere: <em>\u201eWelche Fenster sind f\u00fcr meine spezifische Situation geeignet?&#8220;<\/em><\/p><p>Es gibt kein universell optimales Fenster. Es gibt Fenster, die f\u00fcr ein nach Norden ausgerichtetes Passivhaus geeignet sind, Fenster, die f\u00fcr eine Erdgeschosswohnung in einem Innenstadtgeb\u00e4ude geeignet sind, und Fenster, die f\u00fcr eine Renovierung mit einem definierten Budget in einem Geb\u00e4ude aus den 1970er Jahren geeignet sind. Dieselben Produkte k\u00f6nnen in einem Fall die perfekte Wahl und in einem anderen eine Geldverschwendung sein.<\/p><p>Bevor Sie den ersten Katalog \u00f6ffnen oder das erste Angebot anfordern, beantworten Sie f\u00fcnf Fragen zu Ihrem Geb\u00e4ude. Die Antworten werden alle nachfolgenden technischen Entscheidungen filtern und leiten.<\/p>\t\t\t\t\t\t<\/div>\n\t\t\t\t<\/div>\n\t\t\t\t<div class=\"elementor-element elementor-element-7ad4fe1 elementor-widget elementor-widget-heading\" data-id=\"7ad4fe1\" data-element_type=\"widget\" data-widget_type=\"heading.default\">\n\t\t\t\t<div class=\"elementor-widget-container\">\n\t\t\t<h2 class=\"elementor-heading-title elementor-size-default\">Fassadenausrichtung: Wie die Sonne die Wahl der PVC-Fenster beeinflusst<\/h2>\t\t<\/div>\n\t\t\t\t<\/div>\n\t\t\t\t<div class=\"elementor-element elementor-element-043e1d8 elementor-widget elementor-widget-text-editor\" data-id=\"043e1d8\" data-element_type=\"widget\" data-widget_type=\"text-editor.default\">\n\t\t\t\t<div class=\"elementor-widget-container\">\n\t\t\t\t\t\t\t<p>Die Ausrichtung Ihrer Fenster bestimmt, welche Art von Verglasung Sie ben\u00f6tigen \u2014 zwei in Profil und Preis identische Fenster k\u00f6nnen je nach Einbauort v\u00f6llig unterschiedliche Erfahrungen liefern.<\/p><p>Modernes Glas kann mit zwei teilweise gegens\u00e4tzlichen Zielen konfiguriert werden: die solare W\u00e4rmezufuhr im Winter zu maximieren (n\u00fctzlich f\u00fcr nach Norden ausgerichtete Fassaden oder H\u00e4user in kalten Regionen) oder einen Teil der Sonnenstrahlung im Sommer zu blockieren (wesentlich f\u00fcr nach S\u00fcden ausgerichtete Fassaden). Der Parameter, der dieses Gleichgewicht bestimmt, wird als Gesamtenergiedurchlassgrad (g-Wert) bezeichnet, auf den wir im Kapitel \u00fcber Verglasung n\u00e4her eingehen. Merken Sie sich vorerst das Prinzip:<\/p><ul><li>Nach S\u00fcden ausgerichtete Fassade: Priorit\u00e4t hat die Sonnenschutzverglasung \u2014 Glas mit einem niedrigen Gesamtenergiedurchlassgrad (g-Wert) reduziert die sommerliche \u00dcberhitzung im Inneren, ohne die nat\u00fcrliche Lichtzufuhr wesentlich zu beeintr\u00e4chtigen.<\/li><li>Nach Norden ausgerichtete Fassade: Priorit\u00e4t hat die maximale W\u00e4rmed\u00e4mmung \u2014 der niedrigstm\u00f6gliche Ug-Koeffizient (Glas, das so wenig W\u00e4rme wie m\u00f6glich leitet), ohne aggressiven Sonnenschutz zu ben\u00f6tigen.<\/li><li>Nach Osten und Westen ausgerichtete Fassaden: ein Gleichgewicht zwischen beiden.<\/li><\/ul><p>Ein weiterer Effekt der Ausrichtung betrifft die Profilfarbe. Dunkle Profile (Anthrazitgrau, Braun, Schwarz) absorbieren wesentlich mehr Sonnenstrahlung als wei\u00dfe. Ein wei\u00dfes Profil erreicht an hei\u00dfen Tagen etwa 40\u201350\u00b0C. Ein dunkel gef\u00e4rbtes Profil an einer nach S\u00fcden ausgerichteten Fassade kann 70\u201380\u00b0C erreichen. Bei diesen Temperaturen wird die W\u00e4rmeausdehnung des PVC-Profils erheblich. Wenn der Einbau nicht mit den richtigen Toleranzen und strategisch positionierten Befestigungspunkten ausgef\u00fchrt wird, kann dies zu Profilverformungen, Schlie\u00dfproblemen oder dauerhaftem Dichtheitsverlust f\u00fchren.<\/p><p>Es gibt auch eine erg\u00e4nzende Ma\u00dfnahme, die unabh\u00e4ngig vom Einbau ist: externe Beschattungssysteme. Au\u00dfenrollladen, Jalousien oder Markisen reduzieren die Temperatur, die das Profil an Tagen mit intensiver Sonneneinstrahlung erreicht, die in ganz Europa in den letzten Jahren immer h\u00e4ufiger auftreten, und sch\u00fctzen sowohl das Profil als auch das Innere des Hauses vor \u00dcberhitzung.<\/p>\t\t\t\t\t\t<\/div>\n\t\t\t\t<\/div>\n\t\t\t\t<div class=\"elementor-element elementor-element-e6a33b7 elementor-widget elementor-widget-heading\" data-id=\"e6a33b7\" data-element_type=\"widget\" data-widget_type=\"heading.default\">\n\t\t\t\t<div class=\"elementor-widget-container\">\n\t\t\t<h2 class=\"elementor-heading-title elementor-size-default\">Klimazone und W\u00e4rmed\u00e4mmung (Uw)<\/h2>\t\t<\/div>\n\t\t\t\t<\/div>\n\t\t\t\t<div class=\"elementor-element elementor-element-1426fe8 elementor-widget elementor-widget-text-editor\" data-id=\"1426fe8\" data-element_type=\"widget\" data-widget_type=\"text-editor.default\">\n\t\t\t\t<div class=\"elementor-widget-container\">\n\t\t\t\t\t\t\t<p>Der zentrale Parameter ist der W\u00e4rmedurchgangskoeffizient Uw (U-Fenster), der misst, wie viel W\u00e4rmeenergie das Fenster pro Quadratmeter f\u00fcr jeden Grad Temperaturunterschied zwischen Innen- und Au\u00dfenbereich verliert. Je niedriger der Uw-Wert, desto besser d\u00e4mmt das Fenster. Die Ma\u00dfeinheit ist W\/m\u00b2K.<\/p><p>Um in der Praxis zu verstehen, was die verschiedenen Werte bedeuten:<\/p><ul><li>Uw ~ 1,3\u20131,6 W\/m\u00b2K \u2014 Standardleistung, geeignet f\u00fcr Renovierungen oder Gewerber\u00e4ume mit moderaten Anforderungen. Entspricht typischerweise 60mm-Profilen mit 4 Kammern und Standard-Doppelverglasung.<\/li><li>Uw ~ 1,0\u20131,3 W\/m\u00b2K \u2014 gute Leistung, geeignet f\u00fcr Standard-Wohngeb\u00e4ude in Gebieten mit milden Wintern.<\/li><li>Uw ~ 0,8\u20131,0 W\/m\u00b2K \u2014 hohe Leistung, empfohlen f\u00fcr Neubauten in Gebieten mit strengen Wintern oder f\u00fcr Eigent\u00fcmer, die Energieeffizienz priorisieren.<\/li><li>Uw unter 0,8 W\/m\u00b2K \u2014 der Bereich der Energieeffizienzh\u00e4user und Passivh\u00e4user. Fenster der Softline-82-Serie erreichen Uw = 0,67 W\/m\u00b2K, w\u00e4hrend das Deceuninck 76 bis auf 0,62 W\/m\u00b2K sinkt.<\/li><\/ul><p>Aus Sicht der Klimazone gilt die einfache Faustregel: Je l\u00e4nger und strenger die Winter in Ihrer Region sind, desto schneller amortisiert sich die Investition in ein PVC-Fenster mit niedrigerem Uw-Wert durch reduzierte Energiekosten.<\/p>\t\t\t\t\t\t<\/div>\n\t\t\t\t<\/div>\n\t\t\t\t<div class=\"elementor-element elementor-element-e8d7b61 elementor-widget elementor-widget-heading\" data-id=\"e8d7b61\" data-element_type=\"widget\" data-widget_type=\"heading.default\">\n\t\t\t\t<div class=\"elementor-widget-container\">\n\t\t\t<h2 class=\"elementor-heading-title elementor-size-default\">Bauart: Neubau oder Mehrfamilienhaus<\/h2>\t\t<\/div>\n\t\t\t\t<\/div>\n\t\t\t\t<div class=\"elementor-element elementor-element-bc99577 elementor-widget elementor-widget-text-editor\" data-id=\"bc99577\" data-element_type=\"widget\" data-widget_type=\"text-editor.default\">\n\t\t\t\t<div class=\"elementor-widget-container\">\n\t\t\t\t\t\t\t<p>Bestimmt, was technisch m\u00f6glich ist:<\/p><ul><li>Neubau: vollst\u00e4ndige Freiheit \u2014 ein Hochleistungsprofil wird empfohlen. Wenn Sie ein neues Haus bauen, gibt es keine technische Rechtfertigung f\u00fcr die Wahl eines Einstiegsprofils; der Kostenunterschied gegen\u00fcber einer Premium-Serie amortisiert sich innerhalb weniger Jahre durch Energieeinsparungen.<\/li><li>Wohnung in einem Mehrfamilienhaus: Einschr\u00e4nkungen durch vorhandene \u00d6ffnungen, Mauerwerk und Einbau; akustische Wirkung durch die Geb\u00e4udestruktur begrenzt.<\/li><li>Altbau \/ denkmalgesch\u00fctztes Geb\u00e4ude: Es k\u00f6nnen architektonische oder denkmalschutzrechtliche Auflagen bestehen, die Fassaden\u00e4nderungen einschlie\u00dflich Profilfarbe oder -form einschr\u00e4nken. Vor der Bestellung pr\u00fcfen.<\/li><li>Passivhaus: strenge technische Anforderungen, oft im Planungsdokument festgelegt. Ein Uw unter 0,8 W\/m\u00b2K wird obligatorisch, Dreifachverglasung ist die Regel und nicht die Ausnahme, und der Einbau muss W\u00e4rmebr\u00fccken vollst\u00e4ndig eliminieren. Das gew\u00e4hlte Profil muss mit dicken Verglasungseinheiten kompatibel sein \u2014 hochleistungsf\u00e4hige Dreifachverglasung kann eine Gesamtdicke von mehr als 50mm \u00fcberschreiten, was Profile mit einer Bautiefe von mindestens 76\u201382mm erfordert.<\/li><\/ul>\t\t\t\t\t\t<\/div>\n\t\t\t\t<\/div>\n\t\t\t\t<div class=\"elementor-element elementor-element-6c7e1fa elementor-widget elementor-widget-heading\" data-id=\"6c7e1fa\" data-element_type=\"widget\" data-widget_type=\"heading.default\">\n\t\t\t\t<div class=\"elementor-widget-container\">\n\t\t\t<h2 class=\"elementor-heading-title elementor-size-default\">Etage, Winddruck und Sicherheit (RC-Klassen)<\/h2>\t\t<\/div>\n\t\t\t\t<\/div>\n\t\t\t\t<div class=\"elementor-element elementor-element-713800a elementor-widget elementor-widget-text-editor\" data-id=\"713800a\" data-element_type=\"widget\" data-widget_type=\"text-editor.default\">\n\t\t\t\t<div class=\"elementor-widget-container\">\n\t\t\t\t\t\t\t<p>Die Position des Fensters im Geb\u00e4ude hat zwei direkte Auswirkungen: Winddruck und Einbruchrisiko.<\/p><p>In h\u00f6heren Etagen ist der Winddruck auf das Fenster deutlich gr\u00f6\u00dfer als im Erdgeschoss. Das bedeutet, dass die Anforderungen an Dichtheit und strukturelle Steifigkeit des Profils h\u00f6her sind \u2014 ein Profil der Klasse A mit einer Au\u00dfenwand von mindestens 3mm ist kein optionales Upgrade, sondern eine Notwendigkeit zur langfristigen Leistungserhaltung.<\/p><p>Im Erdgeschoss oder ersten Obergeschoss ist das Einbruchrisiko die wichtigste zus\u00e4tzliche Sorge gegen\u00fcber einem Standard-Obergeschoss. Die Sicherheit eines Fensters wird durch ein integriertes System gew\u00e4hrleistet \u2014 ein steifes Profil, Mehrpunktbeschl\u00e4ge mit zertifiziertem Einbruchwiderstand (RC-Klassen nach europ\u00e4ischer Norm EN 1627) und optional Verbundsicherheitsglas, das beim Aufprall nicht splittert, sondern zusammenh\u00e4lt und den Zugang blockiert.<\/p>\t\t\t\t\t\t<\/div>\n\t\t\t\t<\/div>\n\t\t\t\t<div class=\"elementor-element elementor-element-1596fa8 elementor-widget elementor-widget-heading\" data-id=\"1596fa8\" data-element_type=\"widget\" data-widget_type=\"heading.default\">\n\t\t\t\t<div class=\"elementor-widget-container\">\n\t\t\t<h2 class=\"elementor-heading-title elementor-size-default\">L\u00e4rmpegel: Wenn Schalld\u00e4mmung zur Priorit\u00e4t wird<\/h2>\t\t<\/div>\n\t\t\t\t<\/div>\n\t\t\t\t<div class=\"elementor-element elementor-element-7f82e2d elementor-widget elementor-widget-text-editor\" data-id=\"7f82e2d\" data-element_type=\"widget\" data-widget_type=\"text-editor.default\">\n\t\t\t\t<div class=\"elementor-widget-container\">\n\t\t\t\t\t\t\t<p>Die akustische Leistung eines Fensters wird in Dezibel der D\u00e4mmung (Rw) gemessen und h\u00e4ngt, \u00e4hnlich wie bei der W\u00e4rmed\u00e4mmung, vom Gesamtsystem ab \u2014 nicht nur von einem einzelnen Element.<\/p><p>Einige praktische Richtwerte:<\/p><ul><li>Ruhiges Wohngebiet: Standard-Doppelverglasung bietet ausreichende D\u00e4mmung (30\u201333 dB).<\/li><li>Innerst\u00e4dtische Stra\u00dfe mit m\u00e4\u00dfigem Verkehr: Ein Fenster mit tiefem Profil und akustischer Doppelverglasung (asymmetrische Scheiben unterschiedlicher Dicke) kann 37\u201340 dB erreichen.<\/li><li>Bundesstra\u00dfe, stark befahrener Boulevard: Eine spezielle Konfiguration ist erforderlich (6\u20137-Kammer-Profil, Dreifachverglasung oder akustische Doppelverglasung mit asymmetrischen Scheiben). Eine gut gew\u00e4hlte Baugruppe kann den Au\u00dfenl\u00e4rm um 40\u201345 dB reduzieren.<\/li><\/ul><p>Ein relevanter physikalischer Aspekt: Dreifachverglasung bietet etwa 20\u201330 % mehr Schalld\u00e4mmung als Standard-Doppelverglasung, aber maximale akustische Leistung ergibt sich nicht automatisch aus der Anzahl der Glasscheiben \u2014 sie entsteht durch die asymmetrische Konfiguration der Dicken, die die akustische Resonanz unterbricht.<\/p>\t\t\t\t\t\t<\/div>\n\t\t\t\t<\/div>\n\t\t\t\t<div class=\"elementor-element elementor-element-63ab8af elementor-widget elementor-widget-heading\" data-id=\"63ab8af\" data-element_type=\"widget\" data-widget_type=\"heading.default\">\n\t\t\t\t<div class=\"elementor-widget-container\">\n\t\t\t<h2 class=\"elementor-heading-title elementor-size-default\">Fazit: Es gibt kein \u201ebestes Fenster\" - nur das richtige Fenster f\u00fcr Sie<\/h2>\t\t<\/div>\n\t\t\t\t<\/div>\n\t\t\t\t<div class=\"elementor-element elementor-element-982a359 elementor-widget elementor-widget-text-editor\" data-id=\"982a359\" data-element_type=\"widget\" data-widget_type=\"text-editor.default\">\n\t\t\t\t<div class=\"elementor-widget-container\">\n\t\t\t\t\t\t\t<p>Die Wahl von PVC-Fenstern ist ein technisches Puzzle. Wie Sie gesehen haben, kann ein hervorragendes Profil versagen, wenn die Verglasung nicht auf die Fassade abgestimmt ist oder wenn der Einbau die W\u00e4rmeausdehnung ignoriert. Das Geheimnis einer lohnenden 30-Jahres-Investition liegt im Gleichgewicht zwischen diesen Komponenten.<\/p><p>Bereit, die richtige Wahl f\u00fcr Ihr Zuhause zu treffen? \u00dcberlassen Sie die Konfiguration Ihrer Fenster nicht dem Zufall. Ein Angebot ohne Analyse Ihrer Lage ist nichts weiter als eine Liste von Zahlen.<\/p><p>Unsere Spezialisten helfen Ihnen dabei, das perfekte PVC-Fenstersystem zu konfigurieren, das auf Ihre Klimazone und die D\u00e4mmbed\u00fcrfnisse Ihrer Familie zugeschnitten ist.<\/p>\t\t\t\t\t\t<\/div>\n\t\t\t\t<\/div>\n\t\t\t\t<div class=\"elementor-element elementor-element-f259872 elementor-align-left elementor-widget elementor-widget-button\" data-id=\"f259872\" data-element_type=\"widget\" data-widget_type=\"button.default\">\n\t\t\t\t<div class=\"elementor-widget-container\">\n\t\t\t\t\t<div class=\"elementor-button-wrapper\">\n\t\t\t<a href=\"https:\/\/aplast.ro\/de\/contact\" class=\"elementor-button-link elementor-button elementor-size-md\" role=\"button\" id=\"btn-cerere-oferta-intro\">\n\t\t\t\t\t\t<span class=\"elementor-button-content-wrapper\">\n\t\t\t\t\t\t\t<span class=\"elementor-button-icon elementor-align-icon-right\">\n\t\t\t\t<i aria-hidden=\"true\" class=\"fas fa-arrow-right\"><\/i>\t\t\t<\/span>\n\t\t\t\t\t\t<span class=\"elementor-button-text\">Fordern Sie ein Angebot an<\/span>\n\t\t<\/span>\n\t\t\t\t\t<\/a>\n\t\t<\/div>\n\t\t\t\t<\/div>\n\t\t\t\t<\/div>\n\t\t\t\t<\/div>\n\t\t<div class=\"elementor-element elementor-element-6eba2a4 e-con-full e-flex e-con\" data-id=\"6eba2a4\" data-element_type=\"container\" data-settings=\"{&quot;content_width&quot;:&quot;full&quot;}\">\n\t\t\t\t<\/div>\n\t\t\t\t\t<\/div>\n\t\t\t\t<\/div>\n\t\t\t\t\t\t\t<\/div>\n\t\t","protected":false},"excerpt":{"rendered":"<p>Leitfaden: Wie Sie die richtigen PVC-Fenster f\u00fcr Ihr Zuhause basierend auf Fassade und Lage ausw\u00e4hlen Fenster geh\u00f6ren zu den wenigen Entscheidungen, die man f\u00fcr ein Haus nur einmal trifft. Mit einer Lebensdauer von \u00fcber 30 Jahren ist die richtige Wahl entscheidend f\u00fcr den langfristigen Komfort und die Effizienz Ihres Zuhauses. Ein gut gew\u00e4hltes und fachgerecht [&hellip;]<\/p>\n","protected":false},"author":3,"featured_media":9139,"comment_status":"closed","ping_status":"closed","sticky":false,"template":"elementor_header_footer","format":"standard","meta":{"footnotes":""},"categories":[172],"tags":[173],"yoast_head":"<!-- This site is optimized with the Yoast SEO plugin v19.9 - https:\/\/yoast.com\/wordpress\/plugins\/seo\/ -->\n<title>Leitfaden: Wie Sie die richtigen PVC-Fenster f\u00fcr Ihr Zuhause basierend auf Fassade und Lage ausw\u00e4hlen | Aplast<\/title>\n<meta name=\"description\" content=\"Kaufen Sie keine PVC-Fenster, bevor Sie diesen Leitfaden gelesen haben! Erfahren Sie, wie Sie die richtigen Isolierverglasungseinheiten basierend auf der Fassadenausrichtung, dem Stockwerk und der Klimazone f\u00fcr maximalen Komfort \u00fcber 30 Jahre ausw\u00e4hlen.\" \/>\n<meta name=\"robots\" content=\"index, follow, max-snippet:-1, max-image-preview:large, max-video-preview:-1\" \/>\n<link rel=\"canonical\" href=\"https:\/\/aplast.ro\/de\/leitfaden-wie-sie-die-richtigen-pvc-fenster-fuer-ihr-zuhause-basierend-auf-fassade-und-lage-auswaehlen\/\" \/>\n<meta property=\"og:locale\" content=\"de_DE\" \/>\n<meta property=\"og:type\" content=\"article\" \/>\n<meta property=\"og:title\" content=\"Leitfaden: Wie Sie die richtigen PVC-Fenster f\u00fcr Ihr Zuhause basierend auf Fassade und Lage ausw\u00e4hlen | Aplast\" \/>\n<meta property=\"og:description\" content=\"Kaufen Sie keine PVC-Fenster, bevor Sie diesen Leitfaden gelesen haben! Erfahren Sie, wie Sie die richtigen Isolierverglasungseinheiten basierend auf der Fassadenausrichtung, dem Stockwerk und der Klimazone f\u00fcr maximalen Komfort \u00fcber 30 Jahre ausw\u00e4hlen.\" \/>\n<meta property=\"og:url\" content=\"https:\/\/aplast.ro\/de\/leitfaden-wie-sie-die-richtigen-pvc-fenster-fuer-ihr-zuhause-basierend-auf-fassade-und-lage-auswaehlen\/\" \/>\n<meta property=\"og:site_name\" content=\"Aplast\" \/>\n<meta property=\"article:published_time\" content=\"2026-04-28T12:38:12+00:00\" \/>\n<meta property=\"article:modified_time\" content=\"2026-04-28T12:43:33+00:00\" \/>\n<meta property=\"og:image\" content=\"https:\/\/aplast.ro\/wp-content\/uploads\/2026\/04\/casa-sustenabila-cu-ferestre-pvc-termopan-aplast.webp\" \/>\n\t<meta property=\"og:image:width\" content=\"1376\" \/>\n\t<meta property=\"og:image:height\" content=\"768\" \/>\n\t<meta property=\"og:image:type\" content=\"image\/webp\" \/>\n<meta name=\"author\" content=\"Aplast\" \/>\n<meta name=\"twitter:card\" content=\"summary_large_image\" \/>\n<meta name=\"twitter:label1\" content=\"Verfasst von\" \/>\n\t<meta name=\"twitter:data1\" content=\"Aplast\" \/>\n\t<meta name=\"twitter:label2\" content=\"Gesch\u00e4tzte Lesezeit\" \/>\n\t<meta name=\"twitter:data2\" content=\"8\u00a0Minuten\" \/>\n<script type=\"application\/ld+json\" class=\"yoast-schema-graph\">{\"@context\":\"https:\/\/schema.org\",\"@graph\":[{\"@type\":\"Article\",\"@id\":\"https:\/\/aplast.ro\/de\/leitfaden-wie-sie-die-richtigen-pvc-fenster-fuer-ihr-zuhause-basierend-auf-fassade-und-lage-auswaehlen\/#article\",\"isPartOf\":{\"@id\":\"https:\/\/aplast.ro\/de\/leitfaden-wie-sie-die-richtigen-pvc-fenster-fuer-ihr-zuhause-basierend-auf-fassade-und-lage-auswaehlen\/\"},\"author\":{\"name\":\"Aplast\",\"@id\":\"https:\/\/aplast.ro\/#\/schema\/person\/9ba9e9ab61fc1c3060d4b12e70c23d34\"},\"headline\":\"Leitfaden: Wie Sie die richtigen PVC-Fenster f\u00fcr Ihr Zuhause basierend auf Fassade und Lage ausw\u00e4hlen\",\"datePublished\":\"2026-04-28T12:38:12+00:00\",\"dateModified\":\"2026-04-28T12:43:33+00:00\",\"mainEntityOfPage\":{\"@id\":\"https:\/\/aplast.ro\/de\/leitfaden-wie-sie-die-richtigen-pvc-fenster-fuer-ihr-zuhause-basierend-auf-fassade-und-lage-auswaehlen\/\"},\"wordCount\":1583,\"publisher\":{\"@id\":\"https:\/\/aplast.ro\/#organization\"},\"keywords\":[\"PVC-Fenster\"],\"articleSection\":[\"Leitfaden PVC-Fenster\"],\"inLanguage\":\"de\"},{\"@type\":\"WebPage\",\"@id\":\"https:\/\/aplast.ro\/de\/leitfaden-wie-sie-die-richtigen-pvc-fenster-fuer-ihr-zuhause-basierend-auf-fassade-und-lage-auswaehlen\/\",\"url\":\"https:\/\/aplast.ro\/de\/leitfaden-wie-sie-die-richtigen-pvc-fenster-fuer-ihr-zuhause-basierend-auf-fassade-und-lage-auswaehlen\/\",\"name\":\"Leitfaden: Wie Sie die richtigen PVC-Fenster f\u00fcr Ihr Zuhause basierend auf Fassade und Lage ausw\u00e4hlen | Aplast\",\"isPartOf\":{\"@id\":\"https:\/\/aplast.ro\/#website\"},\"datePublished\":\"2026-04-28T12:38:12+00:00\",\"dateModified\":\"2026-04-28T12:43:33+00:00\",\"description\":\"Kaufen Sie keine PVC-Fenster, bevor Sie diesen Leitfaden gelesen haben! Erfahren Sie, wie Sie die richtigen Isolierverglasungseinheiten basierend auf der Fassadenausrichtung, dem Stockwerk und der Klimazone f\u00fcr maximalen Komfort \u00fcber 30 Jahre ausw\u00e4hlen.\",\"breadcrumb\":{\"@id\":\"https:\/\/aplast.ro\/de\/leitfaden-wie-sie-die-richtigen-pvc-fenster-fuer-ihr-zuhause-basierend-auf-fassade-und-lage-auswaehlen\/#breadcrumb\"},\"inLanguage\":\"de\",\"potentialAction\":[{\"@type\":\"ReadAction\",\"target\":[\"https:\/\/aplast.ro\/de\/leitfaden-wie-sie-die-richtigen-pvc-fenster-fuer-ihr-zuhause-basierend-auf-fassade-und-lage-auswaehlen\/\"]}]},{\"@type\":\"BreadcrumbList\",\"@id\":\"https:\/\/aplast.ro\/de\/leitfaden-wie-sie-die-richtigen-pvc-fenster-fuer-ihr-zuhause-basierend-auf-fassade-und-lage-auswaehlen\/#breadcrumb\",\"itemListElement\":[{\"@type\":\"ListItem\",\"position\":1,\"name\":\"Home\",\"item\":\"https:\/\/aplast.ro\/de\/\"},{\"@type\":\"ListItem\",\"position\":2,\"name\":\"Ghid Ferestre PVC\",\"item\":\"https:\/\/aplast.ro\/category\/ghid-ferestre-pvc\/\"},{\"@type\":\"ListItem\",\"position\":3,\"name\":\"Leitfaden: Wie Sie die richtigen PVC-Fenster f\u00fcr Ihr Zuhause basierend auf Fassade und Lage ausw\u00e4hlen\"}]},{\"@type\":\"WebSite\",\"@id\":\"https:\/\/aplast.ro\/#website\",\"url\":\"https:\/\/aplast.ro\/\",\"name\":\"Aplast\",\"description\":\"Ferestre \u0219i U\u0219i PVC &amp; Termopan\",\"publisher\":{\"@id\":\"https:\/\/aplast.ro\/#organization\"},\"potentialAction\":[{\"@type\":\"SearchAction\",\"target\":{\"@type\":\"EntryPoint\",\"urlTemplate\":\"https:\/\/aplast.ro\/?s={search_term_string}\"},\"query-input\":\"required name=search_term_string\"}],\"inLanguage\":\"de\"},{\"@type\":\"Organization\",\"@id\":\"https:\/\/aplast.ro\/#organization\",\"name\":\"Aplast\",\"url\":\"https:\/\/aplast.ro\/\",\"logo\":{\"@type\":\"ImageObject\",\"inLanguage\":\"de\",\"@id\":\"https:\/\/aplast.ro\/#\/schema\/logo\/image\/\",\"url\":\"https:\/\/aplast.ro\/wp-content\/uploads\/2023\/08\/logo-aplast.png\",\"contentUrl\":\"https:\/\/aplast.ro\/wp-content\/uploads\/2023\/08\/logo-aplast.png\",\"width\":213,\"height\":100,\"caption\":\"Aplast\"},\"image\":{\"@id\":\"https:\/\/aplast.ro\/#\/schema\/logo\/image\/\"}},{\"@type\":\"Person\",\"@id\":\"https:\/\/aplast.ro\/#\/schema\/person\/9ba9e9ab61fc1c3060d4b12e70c23d34\",\"name\":\"Aplast\",\"image\":{\"@type\":\"ImageObject\",\"inLanguage\":\"de\",\"@id\":\"https:\/\/aplast.ro\/#\/schema\/person\/image\/\",\"url\":\"https:\/\/secure.gravatar.com\/avatar\/8e74611cac5a3a58b2d6d4d94a53ed67?s=96&d=mm&r=g\",\"contentUrl\":\"https:\/\/secure.gravatar.com\/avatar\/8e74611cac5a3a58b2d6d4d94a53ed67?s=96&d=mm&r=g\",\"caption\":\"Aplast\"},\"url\":\"https:\/\/aplast.ro\/de\/author\/aplast\/\"}]}<\/script>\n<!-- \/ Yoast SEO plugin. -->","yoast_head_json":{"title":"Leitfaden: Wie Sie die richtigen PVC-Fenster f\u00fcr Ihr Zuhause basierend auf Fassade und Lage ausw\u00e4hlen | Aplast","description":"Kaufen Sie keine PVC-Fenster, bevor Sie diesen Leitfaden gelesen haben! Erfahren Sie, wie Sie die richtigen Isolierverglasungseinheiten basierend auf der Fassadenausrichtung, dem Stockwerk und der Klimazone f\u00fcr maximalen Komfort \u00fcber 30 Jahre ausw\u00e4hlen.","robots":{"index":"index","follow":"follow","max-snippet":"max-snippet:-1","max-image-preview":"max-image-preview:large","max-video-preview":"max-video-preview:-1"},"canonical":"https:\/\/aplast.ro\/de\/leitfaden-wie-sie-die-richtigen-pvc-fenster-fuer-ihr-zuhause-basierend-auf-fassade-und-lage-auswaehlen\/","og_locale":"de_DE","og_type":"article","og_title":"Leitfaden: Wie Sie die richtigen PVC-Fenster f\u00fcr Ihr Zuhause basierend auf Fassade und Lage ausw\u00e4hlen | Aplast","og_description":"Kaufen Sie keine PVC-Fenster, bevor Sie diesen Leitfaden gelesen haben! Erfahren Sie, wie Sie die richtigen Isolierverglasungseinheiten basierend auf der Fassadenausrichtung, dem Stockwerk und der Klimazone f\u00fcr maximalen Komfort \u00fcber 30 Jahre ausw\u00e4hlen.","og_url":"https:\/\/aplast.ro\/de\/leitfaden-wie-sie-die-richtigen-pvc-fenster-fuer-ihr-zuhause-basierend-auf-fassade-und-lage-auswaehlen\/","og_site_name":"Aplast","article_published_time":"2026-04-28T12:38:12+00:00","article_modified_time":"2026-04-28T12:43:33+00:00","og_image":[{"width":1376,"height":768,"url":"https:\/\/aplast.ro\/wp-content\/uploads\/2026\/04\/casa-sustenabila-cu-ferestre-pvc-termopan-aplast.webp","type":"image\/webp"}],"author":"Aplast","twitter_card":"summary_large_image","twitter_misc":{"Verfasst von":"Aplast","Gesch\u00e4tzte Lesezeit":"8\u00a0Minuten"},"schema":{"@context":"https:\/\/schema.org","@graph":[{"@type":"Article","@id":"https:\/\/aplast.ro\/de\/leitfaden-wie-sie-die-richtigen-pvc-fenster-fuer-ihr-zuhause-basierend-auf-fassade-und-lage-auswaehlen\/#article","isPartOf":{"@id":"https:\/\/aplast.ro\/de\/leitfaden-wie-sie-die-richtigen-pvc-fenster-fuer-ihr-zuhause-basierend-auf-fassade-und-lage-auswaehlen\/"},"author":{"name":"Aplast","@id":"https:\/\/aplast.ro\/#\/schema\/person\/9ba9e9ab61fc1c3060d4b12e70c23d34"},"headline":"Leitfaden: Wie Sie die richtigen PVC-Fenster f\u00fcr Ihr Zuhause basierend auf Fassade und Lage ausw\u00e4hlen","datePublished":"2026-04-28T12:38:12+00:00","dateModified":"2026-04-28T12:43:33+00:00","mainEntityOfPage":{"@id":"https:\/\/aplast.ro\/de\/leitfaden-wie-sie-die-richtigen-pvc-fenster-fuer-ihr-zuhause-basierend-auf-fassade-und-lage-auswaehlen\/"},"wordCount":1583,"publisher":{"@id":"https:\/\/aplast.ro\/#organization"},"keywords":["PVC-Fenster"],"articleSection":["Leitfaden PVC-Fenster"],"inLanguage":"de"},{"@type":"WebPage","@id":"https:\/\/aplast.ro\/de\/leitfaden-wie-sie-die-richtigen-pvc-fenster-fuer-ihr-zuhause-basierend-auf-fassade-und-lage-auswaehlen\/","url":"https:\/\/aplast.ro\/de\/leitfaden-wie-sie-die-richtigen-pvc-fenster-fuer-ihr-zuhause-basierend-auf-fassade-und-lage-auswaehlen\/","name":"Leitfaden: Wie Sie die richtigen PVC-Fenster f\u00fcr Ihr Zuhause basierend auf Fassade und Lage ausw\u00e4hlen | Aplast","isPartOf":{"@id":"https:\/\/aplast.ro\/#website"},"datePublished":"2026-04-28T12:38:12+00:00","dateModified":"2026-04-28T12:43:33+00:00","description":"Kaufen Sie keine PVC-Fenster, bevor Sie diesen Leitfaden gelesen haben! Erfahren Sie, wie Sie die richtigen Isolierverglasungseinheiten basierend auf der Fassadenausrichtung, dem Stockwerk und der Klimazone f\u00fcr maximalen Komfort \u00fcber 30 Jahre ausw\u00e4hlen.","breadcrumb":{"@id":"https:\/\/aplast.ro\/de\/leitfaden-wie-sie-die-richtigen-pvc-fenster-fuer-ihr-zuhause-basierend-auf-fassade-und-lage-auswaehlen\/#breadcrumb"},"inLanguage":"de","potentialAction":[{"@type":"ReadAction","target":["https:\/\/aplast.ro\/de\/leitfaden-wie-sie-die-richtigen-pvc-fenster-fuer-ihr-zuhause-basierend-auf-fassade-und-lage-auswaehlen\/"]}]},{"@type":"BreadcrumbList","@id":"https:\/\/aplast.ro\/de\/leitfaden-wie-sie-die-richtigen-pvc-fenster-fuer-ihr-zuhause-basierend-auf-fassade-und-lage-auswaehlen\/#breadcrumb","itemListElement":[{"@type":"ListItem","position":1,"name":"Home","item":"https:\/\/aplast.ro\/de\/"},{"@type":"ListItem","position":2,"name":"Ghid Ferestre PVC","item":"https:\/\/aplast.ro\/category\/ghid-ferestre-pvc\/"},{"@type":"ListItem","position":3,"name":"Leitfaden: Wie Sie die richtigen PVC-Fenster f\u00fcr Ihr Zuhause basierend auf Fassade und Lage ausw\u00e4hlen"}]},{"@type":"WebSite","@id":"https:\/\/aplast.ro\/#website","url":"https:\/\/aplast.ro\/","name":"Aplast","description":"Ferestre \u0219i U\u0219i PVC &amp; Termopan","publisher":{"@id":"https:\/\/aplast.ro\/#organization"},"potentialAction":[{"@type":"SearchAction","target":{"@type":"EntryPoint","urlTemplate":"https:\/\/aplast.ro\/?s={search_term_string}"},"query-input":"required name=search_term_string"}],"inLanguage":"de"},{"@type":"Organization","@id":"https:\/\/aplast.ro\/#organization","name":"Aplast","url":"https:\/\/aplast.ro\/","logo":{"@type":"ImageObject","inLanguage":"de","@id":"https:\/\/aplast.ro\/#\/schema\/logo\/image\/","url":"https:\/\/aplast.ro\/wp-content\/uploads\/2023\/08\/logo-aplast.png","contentUrl":"https:\/\/aplast.ro\/wp-content\/uploads\/2023\/08\/logo-aplast.png","width":213,"height":100,"caption":"Aplast"},"image":{"@id":"https:\/\/aplast.ro\/#\/schema\/logo\/image\/"}},{"@type":"Person","@id":"https:\/\/aplast.ro\/#\/schema\/person\/9ba9e9ab61fc1c3060d4b12e70c23d34","name":"Aplast","image":{"@type":"ImageObject","inLanguage":"de","@id":"https:\/\/aplast.ro\/#\/schema\/person\/image\/","url":"https:\/\/secure.gravatar.com\/avatar\/8e74611cac5a3a58b2d6d4d94a53ed67?s=96&d=mm&r=g","contentUrl":"https:\/\/secure.gravatar.com\/avatar\/8e74611cac5a3a58b2d6d4d94a53ed67?s=96&d=mm&r=g","caption":"Aplast"},"url":"https:\/\/aplast.ro\/de\/author\/aplast\/"}]}},"_links":{"self":[{"href":"https:\/\/aplast.ro\/de\/wp-json\/wp\/v2\/posts\/9223"}],"collection":[{"href":"https:\/\/aplast.ro\/de\/wp-json\/wp\/v2\/posts"}],"about":[{"href":"https:\/\/aplast.ro\/de\/wp-json\/wp\/v2\/types\/post"}],"author":[{"embeddable":true,"href":"https:\/\/aplast.ro\/de\/wp-json\/wp\/v2\/users\/3"}],"replies":[{"embeddable":true,"href":"https:\/\/aplast.ro\/de\/wp-json\/wp\/v2\/comments?post=9223"}],"version-history":[{"count":4,"href":"https:\/\/aplast.ro\/de\/wp-json\/wp\/v2\/posts\/9223\/revisions"}],"predecessor-version":[{"id":9227,"href":"https:\/\/aplast.ro\/de\/wp-json\/wp\/v2\/posts\/9223\/revisions\/9227"}],"wp:featuredmedia":[{"embeddable":true,"href":"https:\/\/aplast.ro\/de\/wp-json\/wp\/v2\/media\/9139"}],"wp:attachment":[{"href":"https:\/\/aplast.ro\/de\/wp-json\/wp\/v2\/media?parent=9223"}],"wp:term":[{"taxonomy":"category","embeddable":true,"href":"https:\/\/aplast.ro\/de\/wp-json\/wp\/v2\/categories?post=9223"},{"taxonomy":"post_tag","embeddable":true,"href":"https:\/\/aplast.ro\/de\/wp-json\/wp\/v2\/tags?post=9223"}],"curies":[{"name":"wp","href":"https:\/\/api.w.org\/{rel}","templated":true}]}}